{"id":13792,"date":"2025-03-07T17:19:01","date_gmt":"2025-03-07T16:19:01","guid":{"rendered":"https:\/\/wgphoto.pl\/t\/?p=13792"},"modified":"2025-03-07T17:19:16","modified_gmt":"2025-03-07T16:19:16","slug":"gargan","status":"publish","type":"post","link":"https:\/\/wgphoto.pl\/t\/?p=13792","title":{"rendered":"Gargan"},"content":{"rendered":"\n<figure class=\"wp-block-image aligncenter size-full\"><img loading=\"lazy\" decoding=\"async\" width=\"1200\" height=\"800\" src=\"https:\/\/wgphoto.pl\/t\/wp-content\/uploads\/2025\/03\/IMGP6570.jpg\" alt=\"\" class=\"wp-image-13793\" srcset=\"https:\/\/wgphoto.pl\/t\/wp-content\/uploads\/2025\/03\/IMGP6570.jpg 1200w, https:\/\/wgphoto.pl\/t\/wp-content\/uploads\/2025\/03\/IMGP6570-300x200.jpg 300w, https:\/\/wgphoto.pl\/t\/wp-content\/uploads\/2025\/03\/IMGP6570-768x512.jpg 768w\" sizes=\"auto, (max-width: 1200px) 100vw, 1200px\" \/><\/figure>\n\n\n\n<div class=\"wp-block-group has-global-padding is-layout-constrained wp-block-group-is-layout-constrained\">\n<p>Mniej wi\u0119cej po\u015brodku d\u0142ugo\u015bci trasy znajduje si\u0119 co\u015b w rodzaju stacji &#8211; z semaforami i torem dodatkowym. Punkt ten nosi miano Gargan i znajduje si\u0119 w miejscowo\u015bci o niewymawialnej nazwie Les Pavillons-sous-Bois. 01.09.2010<\/p>\n<\/div>\n","protected":false},"excerpt":{"rendered":"<p>Mniej wi\u0119cej po\u015brodku d\u0142ugo\u015bci trasy znajduje si\u0119 co\u015b w rodzaju stacji &#8211; z semaforami i torem dodatkowym. Punkt ten nosi miano Gargan i znajduje si\u0119 w miejscowo\u015bci o niewymawialnej nazwie Les Pavillons-sous-Bois. 01.09.2010<\/p>\n","protected":false},"author":1,"featured_media":13793,"comment_status":"open","ping_status":"","sticky":false,"template":"","format":"standard","meta":{"footnotes":""},"categories":[86],"tags":[414,415,416,2508,1764,3379],"class_list":["post-13792","post","type-post","status-publish","format-standard","has-post-thumbnail","hentry","category-rok-2010","tag-2010-09-01","tag-francja","tag-paryz","tag-siemens-avanto","tag-sncf","tag-transilien"],"_links":{"self":[{"href":"https:\/\/wgphoto.pl\/t\/index.php?rest_route=\/wp\/v2\/posts\/13792","targetHints":{"allow":["GET"]}}],"collection":[{"href":"https:\/\/wgphoto.pl\/t\/index.php?rest_route=\/wp\/v2\/posts"}],"about":[{"href":"https:\/\/wgphoto.pl\/t\/index.php?rest_route=\/wp\/v2\/types\/post"}],"author":[{"embeddable":true,"href":"https:\/\/wgphoto.pl\/t\/index.php?rest_route=\/wp\/v2\/users\/1"}],"replies":[{"embeddable":true,"href":"https:\/\/wgphoto.pl\/t\/index.php?rest_route=%2Fwp%2Fv2%2Fcomments&post=13792"}],"version-history":[{"count":1,"href":"https:\/\/wgphoto.pl\/t\/index.php?rest_route=\/wp\/v2\/posts\/13792\/revisions"}],"predecessor-version":[{"id":13794,"href":"https:\/\/wgphoto.pl\/t\/index.php?rest_route=\/wp\/v2\/posts\/13792\/revisions\/13794"}],"wp:featuredmedia":[{"embeddable":true,"href":"https:\/\/wgphoto.pl\/t\/index.php?rest_route=\/wp\/v2\/media\/13793"}],"wp:attachment":[{"href":"https:\/\/wgphoto.pl\/t\/index.php?rest_route=%2Fwp%2Fv2%2Fmedia&parent=13792"}],"wp:term":[{"taxonomy":"category","embeddable":true,"href":"https:\/\/wgphoto.pl\/t\/index.php?rest_route=%2Fwp%2Fv2%2Fcategories&post=13792"},{"taxonomy":"post_tag","embeddable":true,"href":"https:\/\/wgphoto.pl\/t\/index.php?rest_route=%2Fwp%2Fv2%2Ftags&post=13792"}],"curies":[{"name":"wp","href":"https:\/\/api.w.org\/{rel}","templated":true}]}}