{"id":13795,"date":"2025-03-07T17:20:14","date_gmt":"2025-03-07T16:20:14","guid":{"rendered":"https:\/\/wgphoto.pl\/t\/?p=13795"},"modified":"2025-03-07T17:20:14","modified_gmt":"2025-03-07T16:20:14","slug":"tramwaj-bezkolizyjny","status":"publish","type":"post","link":"https:\/\/wgphoto.pl\/t\/?p=13795","title":{"rendered":"Tramwaj bezkolizyjny"},"content":{"rendered":"\n<figure class=\"wp-block-image aligncenter size-full\"><img loading=\"lazy\" decoding=\"async\" width=\"1200\" height=\"800\" src=\"https:\/\/wgphoto.pl\/t\/wp-content\/uploads\/2025\/03\/IMGP6563.jpg\" alt=\"\" class=\"wp-image-13796\" srcset=\"https:\/\/wgphoto.pl\/t\/wp-content\/uploads\/2025\/03\/IMGP6563.jpg 1200w, https:\/\/wgphoto.pl\/t\/wp-content\/uploads\/2025\/03\/IMGP6563-300x200.jpg 300w, https:\/\/wgphoto.pl\/t\/wp-content\/uploads\/2025\/03\/IMGP6563-768x512.jpg 768w\" sizes=\"auto, (max-width: 1200px) 100vw, 1200px\" \/><\/figure>\n\n\n\n<div class=\"wp-block-group has-global-padding is-layout-constrained wp-block-group-is-layout-constrained\">\n<p>Przegl\u0105daj\u0105c w internecie zdj\u0119cia z tej trasy mo\u017cna si\u0119 spotka\u0107 z narzekaniem, jaka\u017c to ona jest nudna. A jednak da si\u0119 znale\u017a\u0107 interesuj\u0105ce miejsce do zdj\u0119cia, jak np. ten wiadukt nad jak\u0105\u015b wa\u017cniejsz\u0105 ulic\u0105 w okolicy przystanku Gargan. 01.09.2010<\/p>\n<\/div>\n","protected":false},"excerpt":{"rendered":"<p>Przegl\u0105daj\u0105c w internecie zdj\u0119cia z tej trasy mo\u017cna si\u0119 spotka\u0107 z narzekaniem, jaka\u017c to ona jest nudna. A jednak da si\u0119 znale\u017a\u0107 interesuj\u0105ce miejsce do zdj\u0119cia, jak np. ten wiadukt nad jak\u0105\u015b wa\u017cniejsz\u0105 ulic\u0105 w okolicy przystanku Gargan. 01.09.2010<\/p>\n","protected":false},"author":1,"featured_media":13796,"comment_status":"open","ping_status":"","sticky":false,"template":"","format":"standard","meta":{"footnotes":""},"categories":[86,3],"tags":[414,415,416,118,2508,1764,3379],"class_list":["post-13795","post","type-post","status-publish","format-standard","has-post-thumbnail","hentry","category-rok-2010","category-tramwaj","tag-2010-09-01","tag-francja","tag-paryz","tag-plany-i-profile","tag-siemens-avanto","tag-sncf","tag-transilien"],"_links":{"self":[{"href":"https:\/\/wgphoto.pl\/t\/index.php?rest_route=\/wp\/v2\/posts\/13795","targetHints":{"allow":["GET"]}}],"collection":[{"href":"https:\/\/wgphoto.pl\/t\/index.php?rest_route=\/wp\/v2\/posts"}],"about":[{"href":"https:\/\/wgphoto.pl\/t\/index.php?rest_route=\/wp\/v2\/types\/post"}],"author":[{"embeddable":true,"href":"https:\/\/wgphoto.pl\/t\/index.php?rest_route=\/wp\/v2\/users\/1"}],"replies":[{"embeddable":true,"href":"https:\/\/wgphoto.pl\/t\/index.php?rest_route=%2Fwp%2Fv2%2Fcomments&post=13795"}],"version-history":[{"count":1,"href":"https:\/\/wgphoto.pl\/t\/index.php?rest_route=\/wp\/v2\/posts\/13795\/revisions"}],"predecessor-version":[{"id":13797,"href":"https:\/\/wgphoto.pl\/t\/index.php?rest_route=\/wp\/v2\/posts\/13795\/revisions\/13797"}],"wp:featuredmedia":[{"embeddable":true,"href":"https:\/\/wgphoto.pl\/t\/index.php?rest_route=\/wp\/v2\/media\/13796"}],"wp:attachment":[{"href":"https:\/\/wgphoto.pl\/t\/index.php?rest_route=%2Fwp%2Fv2%2Fmedia&parent=13795"}],"wp:term":[{"taxonomy":"category","embeddable":true,"href":"https:\/\/wgphoto.pl\/t\/index.php?rest_route=%2Fwp%2Fv2%2Fcategories&post=13795"},{"taxonomy":"post_tag","embeddable":true,"href":"https:\/\/wgphoto.pl\/t\/index.php?rest_route=%2Fwp%2Fv2%2Ftags&post=13795"}],"curies":[{"name":"wp","href":"https:\/\/api.w.org\/{rel}","templated":true}]}}