{"id":13798,"date":"2025-03-07T17:21:31","date_gmt":"2025-03-07T16:21:31","guid":{"rendered":"https:\/\/wgphoto.pl\/t\/?p=13798"},"modified":"2025-03-07T17:21:31","modified_gmt":"2025-03-07T16:21:31","slug":"gt6-nr-100","status":"publish","type":"post","link":"https:\/\/wgphoto.pl\/t\/?p=13798","title":{"rendered":"GT6 nr 100"},"content":{"rendered":"\n<figure class=\"wp-block-image aligncenter size-full\"><img loading=\"lazy\" decoding=\"async\" width=\"1200\" height=\"800\" src=\"https:\/\/wgphoto.pl\/t\/wp-content\/uploads\/2025\/03\/IMGP0816.jpg\" alt=\"\" class=\"wp-image-13799\" srcset=\"https:\/\/wgphoto.pl\/t\/wp-content\/uploads\/2025\/03\/IMGP0816.jpg 1200w, https:\/\/wgphoto.pl\/t\/wp-content\/uploads\/2025\/03\/IMGP0816-300x200.jpg 300w, https:\/\/wgphoto.pl\/t\/wp-content\/uploads\/2025\/03\/IMGP0816-768x512.jpg 768w\" sizes=\"auto, (max-width: 1200px) 100vw, 1200px\" \/><\/figure>\n\n\n\n<div class=\"wp-block-group has-global-padding is-layout-constrained wp-block-group-is-layout-constrained\">\n<p>Trondheim, odcinek mi\u0119dzy przystankami Breidablikk i Nordre Hoem, z widokiem na Trondheimsfjorden. Nie mam nic ciekawego do wrzucenia w klimacie \u015bwi\u0105tecznym, to wrzuc\u0119 chocia\u017c co\u015b w klimacie p\u00f3\u0142nocnym. \ud83d\ude09 2011-05-21<\/p>\n<\/div>\n","protected":false},"excerpt":{"rendered":"<p>Trondheim, odcinek mi\u0119dzy przystankami Breidablikk i Nordre Hoem, z widokiem na Trondheimsfjorden. Nie mam nic ciekawego do wrzucenia w klimacie \u015bwi\u0105tecznym, to wrzuc\u0119 chocia\u017c co\u015b w klimacie p\u00f3\u0142nocnym. \ud83d\ude09 2011-05-21<\/p>\n","protected":false},"author":1,"featured_media":13799,"comment_status":"open","ping_status":"","sticky":false,"template":"","format":"standard","meta":{"footnotes":""},"categories":[77,3],"tags":[1116,1115,101,116,78,1117],"class_list":["post-13798","post","type-post","status-publish","format-standard","has-post-thumbnail","hentry","category-rok-2011","category-tramwaj","tag-2011-05-21","tag-grakallbanen","tag-gt6","tag-morze","tag-norwegia","tag-trondheim"],"_links":{"self":[{"href":"https:\/\/wgphoto.pl\/t\/index.php?rest_route=\/wp\/v2\/posts\/13798","targetHints":{"allow":["GET"]}}],"collection":[{"href":"https:\/\/wgphoto.pl\/t\/index.php?rest_route=\/wp\/v2\/posts"}],"about":[{"href":"https:\/\/wgphoto.pl\/t\/index.php?rest_route=\/wp\/v2\/types\/post"}],"author":[{"embeddable":true,"href":"https:\/\/wgphoto.pl\/t\/index.php?rest_route=\/wp\/v2\/users\/1"}],"replies":[{"embeddable":true,"href":"https:\/\/wgphoto.pl\/t\/index.php?rest_route=%2Fwp%2Fv2%2Fcomments&post=13798"}],"version-history":[{"count":1,"href":"https:\/\/wgphoto.pl\/t\/index.php?rest_route=\/wp\/v2\/posts\/13798\/revisions"}],"predecessor-version":[{"id":13800,"href":"https:\/\/wgphoto.pl\/t\/index.php?rest_route=\/wp\/v2\/posts\/13798\/revisions\/13800"}],"wp:featuredmedia":[{"embeddable":true,"href":"https:\/\/wgphoto.pl\/t\/index.php?rest_route=\/wp\/v2\/media\/13799"}],"wp:attachment":[{"href":"https:\/\/wgphoto.pl\/t\/index.php?rest_route=%2Fwp%2Fv2%2Fmedia&parent=13798"}],"wp:term":[{"taxonomy":"category","embeddable":true,"href":"https:\/\/wgphoto.pl\/t\/index.php?rest_route=%2Fwp%2Fv2%2Fcategories&post=13798"},{"taxonomy":"post_tag","embeddable":true,"href":"https:\/\/wgphoto.pl\/t\/index.php?rest_route=%2Fwp%2Fv2%2Ftags&post=13798"}],"curies":[{"name":"wp","href":"https:\/\/api.w.org\/{rel}","templated":true}]}}