{"id":13831,"date":"2025-03-07T17:32:52","date_gmt":"2025-03-07T16:32:52","guid":{"rendered":"https:\/\/wgphoto.pl\/t\/?p=13831"},"modified":"2025-03-07T17:32:52","modified_gmt":"2025-03-07T16:32:52","slug":"zabraklo-pasazerow","status":"publish","type":"post","link":"https:\/\/wgphoto.pl\/t\/?p=13831","title":{"rendered":"Zabrak\u0142o pasa\u017cer\u00f3w"},"content":{"rendered":"\n<figure class=\"wp-block-image aligncenter size-full\"><img loading=\"lazy\" decoding=\"async\" width=\"1200\" height=\"803\" src=\"https:\/\/wgphoto.pl\/t\/wp-content\/uploads\/2025\/03\/IMGP2192.jpg\" alt=\"\" class=\"wp-image-13832\" srcset=\"https:\/\/wgphoto.pl\/t\/wp-content\/uploads\/2025\/03\/IMGP2192.jpg 1200w, https:\/\/wgphoto.pl\/t\/wp-content\/uploads\/2025\/03\/IMGP2192-300x201.jpg 300w, https:\/\/wgphoto.pl\/t\/wp-content\/uploads\/2025\/03\/IMGP2192-768x514.jpg 768w\" sizes=\"auto, (max-width: 1200px) 100vw, 1200px\" \/><\/figure>\n\n\n\n<div class=\"wp-block-group has-global-padding is-layout-constrained wp-block-group-is-layout-constrained\">\n<p>Przed sk\u0142adem jednostek serii 69 stoi tylko kierownik poci\u0105gu, tego popo\u0142udnia dworzec Oslo S by\u0142 bowiem niemal ca\u0142kowicie wymar\u0142y. Zamkni\u0119to go dla os\u00f3b postronnych (tj. nie posiadaj\u0105cych wa\u017cnego biletu kolejowego) w zwi\u0105zku z zagro\u017ceniem zwi\u0105zanym z tragicznymi wydarzeniami na wyspie Ut\u00f8ya. 22.07.2011<\/p>\n<\/div>\n","protected":false},"excerpt":{"rendered":"<p>Przed sk\u0142adem jednostek serii 69 stoi tylko kierownik poci\u0105gu, tego popo\u0142udnia dworzec Oslo S by\u0142 bowiem niemal ca\u0142kowicie wymar\u0142y. Zamkni\u0119to go dla os\u00f3b postronnych (tj. nie posiadaj\u0105cych wa\u017cnego biletu kolejowego) w zwi\u0105zku z zagro\u017ceniem zwi\u0105zanym z tragicznymi wydarzeniami na wyspie Ut\u00f8ya. 22.07.2011<\/p>\n","protected":false},"author":1,"featured_media":13832,"comment_status":"open","ping_status":"","sticky":false,"template":"","format":"standard","meta":{"footnotes":""},"categories":[2,77],"tags":[3282,78,3280,79],"class_list":["post-13831","post","type-post","status-publish","format-standard","has-post-thumbnail","hentry","category-kolej","category-rok-2011","tag-2011-07-22","tag-norwegia","tag-nsb","tag-oslo"],"_links":{"self":[{"href":"https:\/\/wgphoto.pl\/t\/index.php?rest_route=\/wp\/v2\/posts\/13831","targetHints":{"allow":["GET"]}}],"collection":[{"href":"https:\/\/wgphoto.pl\/t\/index.php?rest_route=\/wp\/v2\/posts"}],"about":[{"href":"https:\/\/wgphoto.pl\/t\/index.php?rest_route=\/wp\/v2\/types\/post"}],"author":[{"embeddable":true,"href":"https:\/\/wgphoto.pl\/t\/index.php?rest_route=\/wp\/v2\/users\/1"}],"replies":[{"embeddable":true,"href":"https:\/\/wgphoto.pl\/t\/index.php?rest_route=%2Fwp%2Fv2%2Fcomments&post=13831"}],"version-history":[{"count":1,"href":"https:\/\/wgphoto.pl\/t\/index.php?rest_route=\/wp\/v2\/posts\/13831\/revisions"}],"predecessor-version":[{"id":13833,"href":"https:\/\/wgphoto.pl\/t\/index.php?rest_route=\/wp\/v2\/posts\/13831\/revisions\/13833"}],"wp:featuredmedia":[{"embeddable":true,"href":"https:\/\/wgphoto.pl\/t\/index.php?rest_route=\/wp\/v2\/media\/13832"}],"wp:attachment":[{"href":"https:\/\/wgphoto.pl\/t\/index.php?rest_route=%2Fwp%2Fv2%2Fmedia&parent=13831"}],"wp:term":[{"taxonomy":"category","embeddable":true,"href":"https:\/\/wgphoto.pl\/t\/index.php?rest_route=%2Fwp%2Fv2%2Fcategories&post=13831"},{"taxonomy":"post_tag","embeddable":true,"href":"https:\/\/wgphoto.pl\/t\/index.php?rest_route=%2Fwp%2Fv2%2Ftags&post=13831"}],"curies":[{"name":"wp","href":"https:\/\/api.w.org\/{rel}","templated":true}]}}