{"id":13852,"date":"2025-03-07T17:41:53","date_gmt":"2025-03-07T16:41:53","guid":{"rendered":"https:\/\/wgphoto.pl\/t\/?p=13852"},"modified":"2025-03-07T17:41:53","modified_gmt":"2025-03-07T16:41:53","slug":"siedem-czlonow-bipy","status":"publish","type":"post","link":"https:\/\/wgphoto.pl\/t\/?p=13852","title":{"rendered":"Siedem cz\u0142on\u00f3w Bipy"},"content":{"rendered":"\n<figure class=\"wp-block-image aligncenter size-full\"><img loading=\"lazy\" decoding=\"async\" width=\"1200\" height=\"800\" src=\"https:\/\/wgphoto.pl\/t\/wp-content\/uploads\/2025\/03\/0808-31a.jpg\" alt=\"\" class=\"wp-image-13853\" srcset=\"https:\/\/wgphoto.pl\/t\/wp-content\/uploads\/2025\/03\/0808-31a.jpg 1200w, https:\/\/wgphoto.pl\/t\/wp-content\/uploads\/2025\/03\/0808-31a-300x200.jpg 300w, https:\/\/wgphoto.pl\/t\/wp-content\/uploads\/2025\/03\/0808-31a-768x512.jpg 768w\" sizes=\"auto, (max-width: 1200px) 100vw, 1200px\" \/><\/figure>\n\n\n\n<div class=\"wp-block-group has-global-padding is-layout-constrained wp-block-group-is-layout-constrained\">\n<p>Poci\u0105g 88802 z Kostrzyna do S\u0142upska, prowadzony SM42-639, opuszcza G\u00f3rki Noteckie. Gdyby w sk\u0142adzie znalaz\u0142y si\u0119 dwie standardowe, 4-cz\u0142onowe Bipy, zapewne nie ogl\u0105daliby\u015bcie tego zdj\u0119cia, bo trafi\u0142oby do kategorii nieudanych. \ud83d\ude09 2008-08-04<\/p>\n<\/div>\n","protected":false},"excerpt":{"rendered":"<p>Poci\u0105g 88802 z Kostrzyna do S\u0142upska, prowadzony SM42-639, opuszcza G\u00f3rki Noteckie. Gdyby w sk\u0142adzie znalaz\u0142y si\u0119 dwie standardowe, 4-cz\u0142onowe Bipy, zapewne nie ogl\u0105daliby\u015bcie tego zdj\u0119cia, bo trafi\u0142oby do kategorii nieudanych. \ud83d\ude09 2008-08-04<\/p>\n","protected":false},"author":1,"featured_media":13853,"comment_status":"open","ping_status":"","sticky":false,"template":"","format":"standard","meta":{"footnotes":""},"categories":[62,2,120],"tags":[1551,288,13,1083,63,27,473,53,594,1278],"class_list":["post-13852","post","type-post","status-publish","format-standard","has-post-thumbnail","hentry","category-analog","category-kolej","category-rok-2008","tag-2008-08-04","tag-bipa","tag-deszcz","tag-gorki-noteckie","tag-pkp","tag-polska","tag-sm42","tag-sygnalizacja-ksztaltowa","tag-tab-pl345","tag-woodstock"],"_links":{"self":[{"href":"https:\/\/wgphoto.pl\/t\/index.php?rest_route=\/wp\/v2\/posts\/13852","targetHints":{"allow":["GET"]}}],"collection":[{"href":"https:\/\/wgphoto.pl\/t\/index.php?rest_route=\/wp\/v2\/posts"}],"about":[{"href":"https:\/\/wgphoto.pl\/t\/index.php?rest_route=\/wp\/v2\/types\/post"}],"author":[{"embeddable":true,"href":"https:\/\/wgphoto.pl\/t\/index.php?rest_route=\/wp\/v2\/users\/1"}],"replies":[{"embeddable":true,"href":"https:\/\/wgphoto.pl\/t\/index.php?rest_route=%2Fwp%2Fv2%2Fcomments&post=13852"}],"version-history":[{"count":1,"href":"https:\/\/wgphoto.pl\/t\/index.php?rest_route=\/wp\/v2\/posts\/13852\/revisions"}],"predecessor-version":[{"id":13854,"href":"https:\/\/wgphoto.pl\/t\/index.php?rest_route=\/wp\/v2\/posts\/13852\/revisions\/13854"}],"wp:featuredmedia":[{"embeddable":true,"href":"https:\/\/wgphoto.pl\/t\/index.php?rest_route=\/wp\/v2\/media\/13853"}],"wp:attachment":[{"href":"https:\/\/wgphoto.pl\/t\/index.php?rest_route=%2Fwp%2Fv2%2Fmedia&parent=13852"}],"wp:term":[{"taxonomy":"category","embeddable":true,"href":"https:\/\/wgphoto.pl\/t\/index.php?rest_route=%2Fwp%2Fv2%2Fcategories&post=13852"},{"taxonomy":"post_tag","embeddable":true,"href":"https:\/\/wgphoto.pl\/t\/index.php?rest_route=%2Fwp%2Fv2%2Ftags&post=13852"}],"curies":[{"name":"wp","href":"https:\/\/api.w.org\/{rel}","templated":true}]}}