{"id":13855,"date":"2025-03-07T17:42:42","date_gmt":"2025-03-07T16:42:42","guid":{"rendered":"https:\/\/wgphoto.pl\/t\/?p=13855"},"modified":"2025-03-07T17:42:42","modified_gmt":"2025-03-07T16:42:42","slug":"siedem-bonanz","status":"publish","type":"post","link":"https:\/\/wgphoto.pl\/t\/?p=13855","title":{"rendered":"Siedem bonanz"},"content":{"rendered":"\n<figure class=\"wp-block-image aligncenter size-full\"><img loading=\"lazy\" decoding=\"async\" width=\"1200\" height=\"800\" src=\"https:\/\/wgphoto.pl\/t\/wp-content\/uploads\/2025\/03\/0808-26a.jpg\" alt=\"\" class=\"wp-image-13856\" srcset=\"https:\/\/wgphoto.pl\/t\/wp-content\/uploads\/2025\/03\/0808-26a.jpg 1200w, https:\/\/wgphoto.pl\/t\/wp-content\/uploads\/2025\/03\/0808-26a-300x200.jpg 300w, https:\/\/wgphoto.pl\/t\/wp-content\/uploads\/2025\/03\/0808-26a-768x512.jpg 768w\" sizes=\"auto, (max-width: 1200px) 100vw, 1200px\" \/><\/figure>\n\n\n\n<div class=\"wp-block-group has-global-padding is-layout-constrained wp-block-group-is-layout-constrained\">\n<p>SM42-726 p\u0119dzi z poci\u0105giem dodatkowym z Poznania do Kostrzyna, b\u0119d\u0105cym AFAIR podsy\u0142em sk\u0142adu na kolejn\u0105 par\u0119 odwozow\u0105 do stolicy Wielkopolski. 2008-08-04<\/p>\n<\/div>\n","protected":false},"excerpt":{"rendered":"<p>SM42-726 p\u0119dzi z poci\u0105giem dodatkowym z Poznania do Kostrzyna, b\u0119d\u0105cym AFAIR podsy\u0142em sk\u0142adu na kolejn\u0105 par\u0119 odwozow\u0105 do stolicy Wielkopolski. 2008-08-04<\/p>\n","protected":false},"author":1,"featured_media":13856,"comment_status":"open","ping_status":"","sticky":false,"template":"","format":"standard","meta":{"footnotes":""},"categories":[62,2,120],"tags":[1551,1083,63,27,473,53,594,1278],"class_list":["post-13855","post","type-post","status-publish","format-standard","has-post-thumbnail","hentry","category-analog","category-kolej","category-rok-2008","tag-2008-08-04","tag-gorki-noteckie","tag-pkp","tag-polska","tag-sm42","tag-sygnalizacja-ksztaltowa","tag-tab-pl345","tag-woodstock"],"_links":{"self":[{"href":"https:\/\/wgphoto.pl\/t\/index.php?rest_route=\/wp\/v2\/posts\/13855","targetHints":{"allow":["GET"]}}],"collection":[{"href":"https:\/\/wgphoto.pl\/t\/index.php?rest_route=\/wp\/v2\/posts"}],"about":[{"href":"https:\/\/wgphoto.pl\/t\/index.php?rest_route=\/wp\/v2\/types\/post"}],"author":[{"embeddable":true,"href":"https:\/\/wgphoto.pl\/t\/index.php?rest_route=\/wp\/v2\/users\/1"}],"replies":[{"embeddable":true,"href":"https:\/\/wgphoto.pl\/t\/index.php?rest_route=%2Fwp%2Fv2%2Fcomments&post=13855"}],"version-history":[{"count":1,"href":"https:\/\/wgphoto.pl\/t\/index.php?rest_route=\/wp\/v2\/posts\/13855\/revisions"}],"predecessor-version":[{"id":13857,"href":"https:\/\/wgphoto.pl\/t\/index.php?rest_route=\/wp\/v2\/posts\/13855\/revisions\/13857"}],"wp:featuredmedia":[{"embeddable":true,"href":"https:\/\/wgphoto.pl\/t\/index.php?rest_route=\/wp\/v2\/media\/13856"}],"wp:attachment":[{"href":"https:\/\/wgphoto.pl\/t\/index.php?rest_route=%2Fwp%2Fv2%2Fmedia&parent=13855"}],"wp:term":[{"taxonomy":"category","embeddable":true,"href":"https:\/\/wgphoto.pl\/t\/index.php?rest_route=%2Fwp%2Fv2%2Fcategories&post=13855"},{"taxonomy":"post_tag","embeddable":true,"href":"https:\/\/wgphoto.pl\/t\/index.php?rest_route=%2Fwp%2Fv2%2Ftags&post=13855"}],"curies":[{"name":"wp","href":"https:\/\/api.w.org\/{rel}","templated":true}]}}