{"id":13870,"date":"2025-03-07T17:47:14","date_gmt":"2025-03-07T16:47:14","guid":{"rendered":"https:\/\/wgphoto.pl\/t\/?p=13870"},"modified":"2025-03-07T17:47:14","modified_gmt":"2025-03-07T16:47:14","slug":"wilczek-w-polanicy","status":"publish","type":"post","link":"https:\/\/wgphoto.pl\/t\/?p=13870","title":{"rendered":"Wilczek w Polanicy"},"content":{"rendered":"\n<figure class=\"wp-block-image aligncenter size-full\"><img loading=\"lazy\" decoding=\"async\" width=\"1200\" height=\"800\" src=\"https:\/\/wgphoto.pl\/t\/wp-content\/uploads\/2025\/03\/0904-01.jpg\" alt=\"\" class=\"wp-image-13871\" srcset=\"https:\/\/wgphoto.pl\/t\/wp-content\/uploads\/2025\/03\/0904-01.jpg 1200w, https:\/\/wgphoto.pl\/t\/wp-content\/uploads\/2025\/03\/0904-01-300x200.jpg 300w, https:\/\/wgphoto.pl\/t\/wp-content\/uploads\/2025\/03\/0904-01-768x512.jpg 768w\" sizes=\"auto, (max-width: 1200px) 100vw, 1200px\" \/><\/figure>\n\n\n\n<div class=\"wp-block-group has-global-padding is-layout-constrained wp-block-group-is-layout-constrained\">\n<p>&#8222;Wilczek&#8221; z Wroc\u0142awia do Kudowy, prowadzony SP32-208, wje\u017cd\u017ca do Polanicy-Zdroju. 2009-03-29<\/p>\n<\/div>\n","protected":false},"excerpt":{"rendered":"<p>&#8222;Wilczek&#8221; z Wroc\u0142awia do Kudowy, prowadzony SP32-208, wje\u017cd\u017ca do Polanicy-Zdroju. 2009-03-29<\/p>\n","protected":false},"author":1,"featured_media":13871,"comment_status":"open","ping_status":"","sticky":false,"template":"","format":"standard","meta":{"footnotes":""},"categories":[62,2,169],"tags":[1575,63,1946,27,385,53,383],"class_list":["post-13870","post","type-post","status-publish","format-standard","has-post-thumbnail","hentry","category-analog","category-kolej","category-rok-2009","tag-2009-03-29","tag-pkp","tag-polanica-zdroj","tag-polska","tag-sp32","tag-sygnalizacja-ksztaltowa","tag-tab-pl230"],"_links":{"self":[{"href":"https:\/\/wgphoto.pl\/t\/index.php?rest_route=\/wp\/v2\/posts\/13870","targetHints":{"allow":["GET"]}}],"collection":[{"href":"https:\/\/wgphoto.pl\/t\/index.php?rest_route=\/wp\/v2\/posts"}],"about":[{"href":"https:\/\/wgphoto.pl\/t\/index.php?rest_route=\/wp\/v2\/types\/post"}],"author":[{"embeddable":true,"href":"https:\/\/wgphoto.pl\/t\/index.php?rest_route=\/wp\/v2\/users\/1"}],"replies":[{"embeddable":true,"href":"https:\/\/wgphoto.pl\/t\/index.php?rest_route=%2Fwp%2Fv2%2Fcomments&post=13870"}],"version-history":[{"count":1,"href":"https:\/\/wgphoto.pl\/t\/index.php?rest_route=\/wp\/v2\/posts\/13870\/revisions"}],"predecessor-version":[{"id":13872,"href":"https:\/\/wgphoto.pl\/t\/index.php?rest_route=\/wp\/v2\/posts\/13870\/revisions\/13872"}],"wp:featuredmedia":[{"embeddable":true,"href":"https:\/\/wgphoto.pl\/t\/index.php?rest_route=\/wp\/v2\/media\/13871"}],"wp:attachment":[{"href":"https:\/\/wgphoto.pl\/t\/index.php?rest_route=%2Fwp%2Fv2%2Fmedia&parent=13870"}],"wp:term":[{"taxonomy":"category","embeddable":true,"href":"https:\/\/wgphoto.pl\/t\/index.php?rest_route=%2Fwp%2Fv2%2Fcategories&post=13870"},{"taxonomy":"post_tag","embeddable":true,"href":"https:\/\/wgphoto.pl\/t\/index.php?rest_route=%2Fwp%2Fv2%2Ftags&post=13870"}],"curies":[{"name":"wp","href":"https:\/\/api.w.org\/{rel}","templated":true}]}}