{"id":13876,"date":"2025-03-07T17:49:19","date_gmt":"2025-03-07T16:49:19","guid":{"rendered":"https:\/\/wgphoto.pl\/t\/?p=13876"},"modified":"2025-03-07T17:49:19","modified_gmt":"2025-03-07T16:49:19","slug":"105nwr-23122311","status":"publish","type":"post","link":"https:\/\/wgphoto.pl\/t\/?p=13876","title":{"rendered":"105NWr 2312+2311"},"content":{"rendered":"\n<figure class=\"wp-block-image aligncenter size-full\"><img loading=\"lazy\" decoding=\"async\" width=\"1300\" height=\"861\" src=\"https:\/\/wgphoto.pl\/t\/wp-content\/uploads\/2025\/03\/IMGP0384.jpg\" alt=\"\" class=\"wp-image-13877\" srcset=\"https:\/\/wgphoto.pl\/t\/wp-content\/uploads\/2025\/03\/IMGP0384.jpg 1300w, https:\/\/wgphoto.pl\/t\/wp-content\/uploads\/2025\/03\/IMGP0384-300x199.jpg 300w, https:\/\/wgphoto.pl\/t\/wp-content\/uploads\/2025\/03\/IMGP0384-768x509.jpg 768w\" sizes=\"auto, (max-width: 1300px) 100vw, 1300px\" \/><\/figure>\n\n\n\n<div class=\"wp-block-group has-global-padding is-layout-constrained wp-block-group-is-layout-constrained\">\n<p>Ciep\u0142y wiosenny wiecz\u00f3r na p\u0119tli S\u0119polno. Cisza i spok\u00f3j s\u0105 jednak pozorne, poniewa\u017c ostatni kurs z S\u0119polna do centrum (odjazd z p\u0119tli o 23:30) jest bardzo popularny w\u015br\u00f3d student\u00f3w jad\u0105cych na imprezy i tym samym zazwyczaj jest najbardziej zape\u0142nionym kursem spo\u015br\u00f3d wszystkich wykonywanych na drugiej zmianie. 2015-05-30<\/p>\n<\/div>\n","protected":false},"excerpt":{"rendered":"<p>Ciep\u0142y wiosenny wiecz\u00f3r na p\u0119tli S\u0119polno. Cisza i spok\u00f3j s\u0105 jednak pozorne, poniewa\u017c ostatni kurs z S\u0119polna do centrum (odjazd z p\u0119tli o 23:30) jest bardzo popularny w\u015br\u00f3d student\u00f3w jad\u0105cych na imprezy i tym samym zazwyczaj jest najbardziej zape\u0142nionym kursem spo\u015br\u00f3d wszystkich wykonywanych na drugiej zmianie. 2015-05-30<\/p>\n","protected":false},"author":1,"featured_media":13877,"comment_status":"open","ping_status":"","sticky":false,"template":"","format":"standard","meta":{"footnotes":""},"categories":[104,3],"tags":[43,3382,42,154,27,439,41],"class_list":["post-13876","post","type-post","status-publish","format-standard","has-post-thumbnail","hentry","category-rok-2015","category-tramwaj","tag-105nwr","tag-2015-05-30","tag-mpk-wroclaw","tag-noc","tag-polska","tag-we-fabryce","tag-wroclaw"],"_links":{"self":[{"href":"https:\/\/wgphoto.pl\/t\/index.php?rest_route=\/wp\/v2\/posts\/13876","targetHints":{"allow":["GET"]}}],"collection":[{"href":"https:\/\/wgphoto.pl\/t\/index.php?rest_route=\/wp\/v2\/posts"}],"about":[{"href":"https:\/\/wgphoto.pl\/t\/index.php?rest_route=\/wp\/v2\/types\/post"}],"author":[{"embeddable":true,"href":"https:\/\/wgphoto.pl\/t\/index.php?rest_route=\/wp\/v2\/users\/1"}],"replies":[{"embeddable":true,"href":"https:\/\/wgphoto.pl\/t\/index.php?rest_route=%2Fwp%2Fv2%2Fcomments&post=13876"}],"version-history":[{"count":1,"href":"https:\/\/wgphoto.pl\/t\/index.php?rest_route=\/wp\/v2\/posts\/13876\/revisions"}],"predecessor-version":[{"id":13878,"href":"https:\/\/wgphoto.pl\/t\/index.php?rest_route=\/wp\/v2\/posts\/13876\/revisions\/13878"}],"wp:featuredmedia":[{"embeddable":true,"href":"https:\/\/wgphoto.pl\/t\/index.php?rest_route=\/wp\/v2\/media\/13877"}],"wp:attachment":[{"href":"https:\/\/wgphoto.pl\/t\/index.php?rest_route=%2Fwp%2Fv2%2Fmedia&parent=13876"}],"wp:term":[{"taxonomy":"category","embeddable":true,"href":"https:\/\/wgphoto.pl\/t\/index.php?rest_route=%2Fwp%2Fv2%2Fcategories&post=13876"},{"taxonomy":"post_tag","embeddable":true,"href":"https:\/\/wgphoto.pl\/t\/index.php?rest_route=%2Fwp%2Fv2%2Ftags&post=13876"}],"curies":[{"name":"wp","href":"https:\/\/api.w.org\/{rel}","templated":true}]}}