{"id":1388,"date":"2024-10-03T21:59:31","date_gmt":"2024-10-03T19:59:31","guid":{"rendered":"https:\/\/wgphoto.pl\/t\/?p=1388"},"modified":"2024-10-03T21:59:31","modified_gmt":"2024-10-03T19:59:31","slug":"kolejowa-laka","status":"publish","type":"post","link":"https:\/\/wgphoto.pl\/t\/?p=1388","title":{"rendered":"Kolejowa \u0142\u0105ka"},"content":{"rendered":"\n<figure class=\"wp-block-image aligncenter size-full\"><img loading=\"lazy\" decoding=\"async\" width=\"1200\" height=\"800\" src=\"https:\/\/wgphoto.pl\/t\/wp-content\/uploads\/2024\/10\/DSCF7347.jpg\" alt=\"\" class=\"wp-image-1389\" srcset=\"https:\/\/wgphoto.pl\/t\/wp-content\/uploads\/2024\/10\/DSCF7347.jpg 1200w, https:\/\/wgphoto.pl\/t\/wp-content\/uploads\/2024\/10\/DSCF7347-300x200.jpg 300w, https:\/\/wgphoto.pl\/t\/wp-content\/uploads\/2024\/10\/DSCF7347-768x512.jpg 768w\" sizes=\"auto, (max-width: 1200px) 100vw, 1200px\" \/><\/figure>\n\n\n\n<div class=\"wp-block-group has-global-padding is-layout-constrained wp-block-group-is-layout-constrained\">\n<p>810 629-6 jako poci\u0105g osobowy 25238 relacji Doudleby nad Orlic\u00ed &#8211; Rokytnice v Orlick\u00fdch hor\u00e1ch sko\u0144czy\u0142 bieg. 13.08.2008<\/p>\n<\/div>\n","protected":false},"excerpt":{"rendered":"<p>810 629-6 jako poci\u0105g osobowy 25238 relacji Doudleby nad Orlic\u00ed &#8211; Rokytnice v Orlick\u00fdch hor\u00e1ch sko\u0144czy\u0142 bieg. 13.08.2008<\/p>\n","protected":false},"author":1,"featured_media":1389,"comment_status":"open","ping_status":"","sticky":false,"template":"","format":"standard","meta":{"footnotes":""},"categories":[2,120],"tags":[197,92,50,49,94,162,689,690],"class_list":["post-1388","post","type-post","status-publish","format-standard","has-post-thumbnail","hentry","category-kolej","category-rok-2008","tag-2008-08-13","tag-92","tag-cd","tag-czechy","tag-na-kolejowym-koncu-swiata","tag-niebo","tag-rokytnice-v-orlickych-horach","tag-tab-cz023"],"_links":{"self":[{"href":"https:\/\/wgphoto.pl\/t\/index.php?rest_route=\/wp\/v2\/posts\/1388","targetHints":{"allow":["GET"]}}],"collection":[{"href":"https:\/\/wgphoto.pl\/t\/index.php?rest_route=\/wp\/v2\/posts"}],"about":[{"href":"https:\/\/wgphoto.pl\/t\/index.php?rest_route=\/wp\/v2\/types\/post"}],"author":[{"embeddable":true,"href":"https:\/\/wgphoto.pl\/t\/index.php?rest_route=\/wp\/v2\/users\/1"}],"replies":[{"embeddable":true,"href":"https:\/\/wgphoto.pl\/t\/index.php?rest_route=%2Fwp%2Fv2%2Fcomments&post=1388"}],"version-history":[{"count":1,"href":"https:\/\/wgphoto.pl\/t\/index.php?rest_route=\/wp\/v2\/posts\/1388\/revisions"}],"predecessor-version":[{"id":1390,"href":"https:\/\/wgphoto.pl\/t\/index.php?rest_route=\/wp\/v2\/posts\/1388\/revisions\/1390"}],"wp:featuredmedia":[{"embeddable":true,"href":"https:\/\/wgphoto.pl\/t\/index.php?rest_route=\/wp\/v2\/media\/1389"}],"wp:attachment":[{"href":"https:\/\/wgphoto.pl\/t\/index.php?rest_route=%2Fwp%2Fv2%2Fmedia&parent=1388"}],"wp:term":[{"taxonomy":"category","embeddable":true,"href":"https:\/\/wgphoto.pl\/t\/index.php?rest_route=%2Fwp%2Fv2%2Fcategories&post=1388"},{"taxonomy":"post_tag","embeddable":true,"href":"https:\/\/wgphoto.pl\/t\/index.php?rest_route=%2Fwp%2Fv2%2Ftags&post=1388"}],"curies":[{"name":"wp","href":"https:\/\/api.w.org\/{rel}","templated":true}]}}