{"id":13895,"date":"2025-03-07T22:54:57","date_gmt":"2025-03-07T21:54:57","guid":{"rendered":"https:\/\/wgphoto.pl\/t\/?p=13895"},"modified":"2025-03-07T22:54:57","modified_gmt":"2025-03-07T21:54:57","slug":"40-metrow","status":"publish","type":"post","link":"https:\/\/wgphoto.pl\/t\/?p=13895","title":{"rendered":"40 metr\u00f3w"},"content":{"rendered":"\n<figure class=\"wp-block-image aligncenter size-full\"><img loading=\"lazy\" decoding=\"async\" width=\"1200\" height=\"795\" src=\"https:\/\/wgphoto.pl\/t\/wp-content\/uploads\/2025\/03\/IMGP6210-1.jpg\" alt=\"\" class=\"wp-image-13897\" srcset=\"https:\/\/wgphoto.pl\/t\/wp-content\/uploads\/2025\/03\/IMGP6210-1.jpg 1200w, https:\/\/wgphoto.pl\/t\/wp-content\/uploads\/2025\/03\/IMGP6210-1-300x199.jpg 300w, https:\/\/wgphoto.pl\/t\/wp-content\/uploads\/2025\/03\/IMGP6210-1-768x509.jpg 768w\" sizes=\"auto, (max-width: 1200px) 100vw, 1200px\" \/><\/figure>\n\n\n\n<div class=\"wp-block-group has-global-padding is-layout-constrained wp-block-group-is-layout-constrained\">\n<p>Przez Fischmarkt w Erfurcie przeje\u017cd\u017ca 40 metr\u00f3w tramwaju w postaci konfiguracji rzadko spotykanej na sieciach klasycznego tramwaju &#8211; sk\u0142adu dw\u00f3ch niskaczy. Erfurt wymy\u015bli\u0142 sobie bowiem, \u017ce zestawy 2xKT4D zast\u0105pi albo pi\u0119ciocz\u0142onowymi Combinami, albo sk\u0142adami tr\u00f3jcz\u0142onowych. Ale to nie koniec, bo na tej sieci, chyba przez ten deptak nawet, kursowa\u0142y r\u00f3wnie\u017c kiedy\u015b sk\u0142ady 3xKT4D. Ale o tym innym razem. 2016-08-15<\/p>\n<\/div>\n","protected":false},"excerpt":{"rendered":"<p>Przez Fischmarkt w Erfurcie przeje\u017cd\u017ca 40 metr\u00f3w tramwaju w postaci konfiguracji rzadko spotykanej na sieciach klasycznego tramwaju &#8211; sk\u0142adu dw\u00f3ch niskaczy. Erfurt wymy\u015bli\u0142 sobie bowiem, \u017ce zestawy 2xKT4D zast\u0105pi albo pi\u0119ciocz\u0142onowymi Combinami, albo sk\u0142adami tr\u00f3jcz\u0142onowych. Ale to nie koniec, bo na tej sieci, chyba przez ten deptak nawet, kursowa\u0142y r\u00f3wnie\u017c kiedy\u015b sk\u0142ady 3xKT4D. Ale o [&hellip;]<\/p>\n","protected":false},"author":1,"featured_media":13897,"comment_status":"open","ping_status":"","sticky":false,"template":"","format":"standard","meta":{"footnotes":""},"categories":[125,3],"tags":[413,34,239,411,412,23,143,381],"class_list":["post-13895","post","type-post","status-publish","format-standard","has-post-thumbnail","hentry","category-rok-2016","category-tramwaj","tag-2016-08-15","tag-architektura","tag-deptak","tag-erfurt","tag-evag-erfurt","tag-niemcy","tag-ponad-30m","tag-siemens-combino"],"_links":{"self":[{"href":"https:\/\/wgphoto.pl\/t\/index.php?rest_route=\/wp\/v2\/posts\/13895","targetHints":{"allow":["GET"]}}],"collection":[{"href":"https:\/\/wgphoto.pl\/t\/index.php?rest_route=\/wp\/v2\/posts"}],"about":[{"href":"https:\/\/wgphoto.pl\/t\/index.php?rest_route=\/wp\/v2\/types\/post"}],"author":[{"embeddable":true,"href":"https:\/\/wgphoto.pl\/t\/index.php?rest_route=\/wp\/v2\/users\/1"}],"replies":[{"embeddable":true,"href":"https:\/\/wgphoto.pl\/t\/index.php?rest_route=%2Fwp%2Fv2%2Fcomments&post=13895"}],"version-history":[{"count":1,"href":"https:\/\/wgphoto.pl\/t\/index.php?rest_route=\/wp\/v2\/posts\/13895\/revisions"}],"predecessor-version":[{"id":13898,"href":"https:\/\/wgphoto.pl\/t\/index.php?rest_route=\/wp\/v2\/posts\/13895\/revisions\/13898"}],"wp:featuredmedia":[{"embeddable":true,"href":"https:\/\/wgphoto.pl\/t\/index.php?rest_route=\/wp\/v2\/media\/13897"}],"wp:attachment":[{"href":"https:\/\/wgphoto.pl\/t\/index.php?rest_route=%2Fwp%2Fv2%2Fmedia&parent=13895"}],"wp:term":[{"taxonomy":"category","embeddable":true,"href":"https:\/\/wgphoto.pl\/t\/index.php?rest_route=%2Fwp%2Fv2%2Fcategories&post=13895"},{"taxonomy":"post_tag","embeddable":true,"href":"https:\/\/wgphoto.pl\/t\/index.php?rest_route=%2Fwp%2Fv2%2Ftags&post=13895"}],"curies":[{"name":"wp","href":"https:\/\/api.w.org\/{rel}","templated":true}]}}