{"id":13899,"date":"2025-03-07T22:56:03","date_gmt":"2025-03-07T21:56:03","guid":{"rendered":"https:\/\/wgphoto.pl\/t\/?p=13899"},"modified":"2025-03-07T22:56:03","modified_gmt":"2025-03-07T21:56:03","slug":"podobno-najwyzszy","status":"publish","type":"post","link":"https:\/\/wgphoto.pl\/t\/?p=13899","title":{"rendered":"Podobno najwy\u017cszy"},"content":{"rendered":"\n<figure class=\"wp-block-image aligncenter size-full\"><img loading=\"lazy\" decoding=\"async\" width=\"1200\" height=\"795\" src=\"https:\/\/wgphoto.pl\/t\/wp-content\/uploads\/2025\/03\/IMGP6508.jpg\" alt=\"\" class=\"wp-image-13900\" srcset=\"https:\/\/wgphoto.pl\/t\/wp-content\/uploads\/2025\/03\/IMGP6508.jpg 1200w, https:\/\/wgphoto.pl\/t\/wp-content\/uploads\/2025\/03\/IMGP6508-300x199.jpg 300w, https:\/\/wgphoto.pl\/t\/wp-content\/uploads\/2025\/03\/IMGP6508-768x509.jpg 768w\" sizes=\"auto, (max-width: 1200px) 100vw, 1200px\" \/><\/figure>\n\n\n\n<div class=\"wp-block-group has-global-padding is-layout-constrained wp-block-group-is-layout-constrained\">\n<p>Reprezentant najpopularniejszego w Jenie typu tramwaju przekracza So\u0142aw\u0119 przez Paradiesbr\u00fccke, s\u0142u\u017c\u0105cy tylko tramwajom, pieszym i rowerzystom. T\u0142o uzupe\u0142nia wie\u017cowiec Jentower, r\u00f3wnie porywaj\u0105cy architektur\u0105 jak wroc\u0142awski Skytower. Jentower mierzy bez anteny 144,5 m, co daje mu rzekomo pierwsze\u0144stwo pod tym wzgl\u0119dem w\u015br\u00f3d budowli w landach by\u0142ej NRD, cho\u0107 nie chce mi si\u0119 wierzy\u0107, \u017ce co najmniej w takim Berlinie nie ma wy\u017cszych budynk\u00f3w. 2016-08-16<\/p>\n<\/div>\n","protected":false},"excerpt":{"rendered":"<p>Reprezentant najpopularniejszego w Jenie typu tramwaju przekracza So\u0142aw\u0119 przez Paradiesbr\u00fccke, s\u0142u\u017c\u0105cy tylko tramwajom, pieszym i rowerzystom. T\u0142o uzupe\u0142nia wie\u017cowiec Jentower, r\u00f3wnie porywaj\u0105cy architektur\u0105 jak wroc\u0142awski Skytower. Jentower mierzy bez anteny 144,5 m, co daje mu rzekomo pierwsze\u0144stwo pod tym wzgl\u0119dem w\u015br\u00f3d budowli w landach by\u0142ej NRD, cho\u0107 nie chce mi si\u0119 wierzy\u0107, \u017ce co najmniej [&hellip;]<\/p>\n","protected":false},"author":1,"featured_media":13900,"comment_status":"open","ping_status":"","sticky":false,"template":"","format":"standard","meta":{"footnotes":""},"categories":[125,3],"tags":[1263,34,1265,1264,1266,23],"class_list":["post-13899","post","type-post","status-publish","format-standard","has-post-thumbnail","hentry","category-rok-2016","category-tramwaj","tag-2016-08-16","tag-architektura","tag-gtxn","tag-jena","tag-jenah-jena","tag-niemcy"],"_links":{"self":[{"href":"https:\/\/wgphoto.pl\/t\/index.php?rest_route=\/wp\/v2\/posts\/13899","targetHints":{"allow":["GET"]}}],"collection":[{"href":"https:\/\/wgphoto.pl\/t\/index.php?rest_route=\/wp\/v2\/posts"}],"about":[{"href":"https:\/\/wgphoto.pl\/t\/index.php?rest_route=\/wp\/v2\/types\/post"}],"author":[{"embeddable":true,"href":"https:\/\/wgphoto.pl\/t\/index.php?rest_route=\/wp\/v2\/users\/1"}],"replies":[{"embeddable":true,"href":"https:\/\/wgphoto.pl\/t\/index.php?rest_route=%2Fwp%2Fv2%2Fcomments&post=13899"}],"version-history":[{"count":1,"href":"https:\/\/wgphoto.pl\/t\/index.php?rest_route=\/wp\/v2\/posts\/13899\/revisions"}],"predecessor-version":[{"id":13901,"href":"https:\/\/wgphoto.pl\/t\/index.php?rest_route=\/wp\/v2\/posts\/13899\/revisions\/13901"}],"wp:featuredmedia":[{"embeddable":true,"href":"https:\/\/wgphoto.pl\/t\/index.php?rest_route=\/wp\/v2\/media\/13900"}],"wp:attachment":[{"href":"https:\/\/wgphoto.pl\/t\/index.php?rest_route=%2Fwp%2Fv2%2Fmedia&parent=13899"}],"wp:term":[{"taxonomy":"category","embeddable":true,"href":"https:\/\/wgphoto.pl\/t\/index.php?rest_route=%2Fwp%2Fv2%2Fcategories&post=13899"},{"taxonomy":"post_tag","embeddable":true,"href":"https:\/\/wgphoto.pl\/t\/index.php?rest_route=%2Fwp%2Fv2%2Ftags&post=13899"}],"curies":[{"name":"wp","href":"https:\/\/api.w.org\/{rel}","templated":true}]}}