{"id":13905,"date":"2025-03-07T22:58:00","date_gmt":"2025-03-07T21:58:00","guid":{"rendered":"https:\/\/wgphoto.pl\/t\/?p=13905"},"modified":"2025-03-07T22:58:00","modified_gmt":"2025-03-07T21:58:00","slug":"glowny-przystanek","status":"publish","type":"post","link":"https:\/\/wgphoto.pl\/t\/?p=13905","title":{"rendered":"G\u0142\u00f3wny przystanek"},"content":{"rendered":"\n<figure class=\"wp-block-image aligncenter size-full\"><img loading=\"lazy\" decoding=\"async\" width=\"1200\" height=\"795\" src=\"https:\/\/wgphoto.pl\/t\/wp-content\/uploads\/2025\/03\/IMGP6619.jpg\" alt=\"\" class=\"wp-image-13906\" srcset=\"https:\/\/wgphoto.pl\/t\/wp-content\/uploads\/2025\/03\/IMGP6619.jpg 1200w, https:\/\/wgphoto.pl\/t\/wp-content\/uploads\/2025\/03\/IMGP6619-300x199.jpg 300w, https:\/\/wgphoto.pl\/t\/wp-content\/uploads\/2025\/03\/IMGP6619-768x509.jpg 768w\" sizes=\"auto, (max-width: 1200px) 100vw, 1200px\" \/><\/figure>\n\n\n\n<div class=\"wp-block-group has-global-padding is-layout-constrained wp-block-group-is-layout-constrained\">\n<p>Regionalbahn 74084 relacji Naumburg(Saale) Hbf &#8211; Saalfeld(Saale) zaraz zatrzyma si\u0119 przy peronie przystanku Jena Paradies, pe\u0142ni\u0105cego rol\u0119 g\u0142\u00f3wnego dworca kolejowego w tym mie\u015bcie. Miejscowy uk\u0142ad linii kolejowych jest bowiem na tyle niestandardowy, \u017ce stacja w\u0119z\u0142owa Jena-G\u00f6schwitz usytuowana jest z dala od centrum rozci\u0105gni\u0119tego wzd\u0142u\u017c rzeki miasta. 2016-08-16<\/p>\n<\/div>\n","protected":false},"excerpt":{"rendered":"<p>Regionalbahn 74084 relacji Naumburg(Saale) Hbf &#8211; Saalfeld(Saale) zaraz zatrzyma si\u0119 przy peronie przystanku Jena Paradies, pe\u0142ni\u0105cego rol\u0119 g\u0142\u00f3wnego dworca kolejowego w tym mie\u015bcie. Miejscowy uk\u0142ad linii kolejowych jest bowiem na tyle niestandardowy, \u017ce stacja w\u0119z\u0142owa Jena-G\u00f6schwitz usytuowana jest z dala od centrum rozci\u0105gni\u0119tego wzd\u0142u\u017c rzeki miasta. 2016-08-16<\/p>\n","protected":false},"author":1,"featured_media":13906,"comment_status":"open","ping_status":"","sticky":false,"template":"","format":"standard","meta":{"footnotes":""},"categories":[2,125],"tags":[1263,3388,1264,3389,23,2988],"class_list":["post-13905","post","type-post","status-publish","format-standard","has-post-thumbnail","hentry","category-kolej","category-rok-2016","tag-2016-08-16","tag-abellio","tag-jena","tag-jena-paradies","tag-niemcy","tag-talent-2"],"_links":{"self":[{"href":"https:\/\/wgphoto.pl\/t\/index.php?rest_route=\/wp\/v2\/posts\/13905","targetHints":{"allow":["GET"]}}],"collection":[{"href":"https:\/\/wgphoto.pl\/t\/index.php?rest_route=\/wp\/v2\/posts"}],"about":[{"href":"https:\/\/wgphoto.pl\/t\/index.php?rest_route=\/wp\/v2\/types\/post"}],"author":[{"embeddable":true,"href":"https:\/\/wgphoto.pl\/t\/index.php?rest_route=\/wp\/v2\/users\/1"}],"replies":[{"embeddable":true,"href":"https:\/\/wgphoto.pl\/t\/index.php?rest_route=%2Fwp%2Fv2%2Fcomments&post=13905"}],"version-history":[{"count":1,"href":"https:\/\/wgphoto.pl\/t\/index.php?rest_route=\/wp\/v2\/posts\/13905\/revisions"}],"predecessor-version":[{"id":13907,"href":"https:\/\/wgphoto.pl\/t\/index.php?rest_route=\/wp\/v2\/posts\/13905\/revisions\/13907"}],"wp:featuredmedia":[{"embeddable":true,"href":"https:\/\/wgphoto.pl\/t\/index.php?rest_route=\/wp\/v2\/media\/13906"}],"wp:attachment":[{"href":"https:\/\/wgphoto.pl\/t\/index.php?rest_route=%2Fwp%2Fv2%2Fmedia&parent=13905"}],"wp:term":[{"taxonomy":"category","embeddable":true,"href":"https:\/\/wgphoto.pl\/t\/index.php?rest_route=%2Fwp%2Fv2%2Fcategories&post=13905"},{"taxonomy":"post_tag","embeddable":true,"href":"https:\/\/wgphoto.pl\/t\/index.php?rest_route=%2Fwp%2Fv2%2Ftags&post=13905"}],"curies":[{"name":"wp","href":"https:\/\/api.w.org\/{rel}","templated":true}]}}