{"id":13908,"date":"2025-03-07T22:58:57","date_gmt":"2025-03-07T21:58:57","guid":{"rendered":"https:\/\/wgphoto.pl\/t\/?p=13908"},"modified":"2025-03-07T22:58:57","modified_gmt":"2025-03-07T21:58:57","slug":"senna-tramwajowa-lokalka","status":"publish","type":"post","link":"https:\/\/wgphoto.pl\/t\/?p=13908","title":{"rendered":"Senna tramwajowa lokalka"},"content":{"rendered":"\n<figure class=\"wp-block-image aligncenter size-full\"><img loading=\"lazy\" decoding=\"async\" width=\"1300\" height=\"861\" src=\"https:\/\/wgphoto.pl\/t\/wp-content\/uploads\/2025\/03\/IMGP5901.jpg\" alt=\"\" class=\"wp-image-13909\" srcset=\"https:\/\/wgphoto.pl\/t\/wp-content\/uploads\/2025\/03\/IMGP5901.jpg 1300w, https:\/\/wgphoto.pl\/t\/wp-content\/uploads\/2025\/03\/IMGP5901-300x199.jpg 300w, https:\/\/wgphoto.pl\/t\/wp-content\/uploads\/2025\/03\/IMGP5901-768x509.jpg 768w\" sizes=\"auto, (max-width: 1300px) 100vw, 1300px\" \/><\/figure>\n\n\n\n<div class=\"wp-block-group has-global-padding is-layout-constrained wp-block-group-is-layout-constrained\">\n<p>Solowa Tatra obs\u0142uguj\u0105ca podmiejsk\u0105 czw\u00f3rk\u0119 pod\u0105\u017ca odcinkiem z Waltershausen do Wahlwinkel wzd\u0142u\u017c Friedrichrodaer Stra\u00dfe, pozostawiaj\u0105c za sob\u0105 wzg\u00f3rza Lasu Tury\u0144skiego. Jednotor wzd\u0142u\u017c drogi i g\u00f3ry w tle od razu skojarzy\u0142y mi si\u0119 z <a href=\"http:\/\/phototrans.pl\/14,647920,0.html\">nieco innym rejonem \u015bwiata<\/a>, w kt\u00f3rym prawie by\u0142em. Oko\u0142o 16-kilometrowa trasa (licz\u0105c od ostatniego odga\u0142\u0119zienia miejskiej jedynki) z Gothy do Tabarz pokonywana jest przez wiekowe ju\u017c nieco &#8211; jak na Niemcy &#8211; tramwaje po szynach, wyj\u0105tkowo jak na Niemcy, niewyszlifowanych, w efekcie przejazdowi towarzyszy charakterystyczny szum i stukot oraz podrygiwania wagonu. Rozwijane pr\u0119dko\u015bci oscyluj\u0105 w pobli\u017cu sennych 40 km\/h, cz\u0119stotliwo\u015b\u0107 kurs\u00f3w r\u00f3wnie\u017c nie porywa &#8211; najlepszym okresem na wizyt\u0119 jest \u0142ykend, gdy tramwaje kursuj\u0105 przez wi\u0119kszo\u015b\u0107 dnia co p\u00f3\u0142 godziny (w dni robocze taka rozpusta obowi\u0105zuje tylko w szczycie). 2016-08-14<\/p>\n<\/div>\n","protected":false},"excerpt":{"rendered":"<p>Solowa Tatra obs\u0142uguj\u0105ca podmiejsk\u0105 czw\u00f3rk\u0119 pod\u0105\u017ca odcinkiem z Waltershausen do Wahlwinkel wzd\u0142u\u017c Friedrichrodaer Stra\u00dfe, pozostawiaj\u0105c za sob\u0105 wzg\u00f3rza Lasu Tury\u0144skiego. Jednotor wzd\u0142u\u017c drogi i g\u00f3ry w tle od razu skojarzy\u0142y mi si\u0119 z nieco innym rejonem \u015bwiata, w kt\u00f3rym prawie by\u0142em. Oko\u0142o 16-kilometrowa trasa (licz\u0105c od ostatniego odga\u0142\u0119zienia miejskiej jedynki) z Gothy do Tabarz pokonywana [&hellip;]<\/p>\n","protected":false},"author":1,"featured_media":13909,"comment_status":"open","ping_status":"","sticky":false,"template":"","format":"standard","meta":{"footnotes":""},"categories":[125,3],"tags":[1962,1961,23,33,561,1960],"class_list":["post-13908","post","type-post","status-publish","format-standard","has-post-thumbnail","hentry","category-rok-2016","category-tramwaj","tag-2016-08-14","tag-gotha","tag-niemcy","tag-tatra-kt4","tag-tramwaj-podmiejski","tag-twsb-gotha"],"_links":{"self":[{"href":"https:\/\/wgphoto.pl\/t\/index.php?rest_route=\/wp\/v2\/posts\/13908","targetHints":{"allow":["GET"]}}],"collection":[{"href":"https:\/\/wgphoto.pl\/t\/index.php?rest_route=\/wp\/v2\/posts"}],"about":[{"href":"https:\/\/wgphoto.pl\/t\/index.php?rest_route=\/wp\/v2\/types\/post"}],"author":[{"embeddable":true,"href":"https:\/\/wgphoto.pl\/t\/index.php?rest_route=\/wp\/v2\/users\/1"}],"replies":[{"embeddable":true,"href":"https:\/\/wgphoto.pl\/t\/index.php?rest_route=%2Fwp%2Fv2%2Fcomments&post=13908"}],"version-history":[{"count":1,"href":"https:\/\/wgphoto.pl\/t\/index.php?rest_route=\/wp\/v2\/posts\/13908\/revisions"}],"predecessor-version":[{"id":13910,"href":"https:\/\/wgphoto.pl\/t\/index.php?rest_route=\/wp\/v2\/posts\/13908\/revisions\/13910"}],"wp:featuredmedia":[{"embeddable":true,"href":"https:\/\/wgphoto.pl\/t\/index.php?rest_route=\/wp\/v2\/media\/13909"}],"wp:attachment":[{"href":"https:\/\/wgphoto.pl\/t\/index.php?rest_route=%2Fwp%2Fv2%2Fmedia&parent=13908"}],"wp:term":[{"taxonomy":"category","embeddable":true,"href":"https:\/\/wgphoto.pl\/t\/index.php?rest_route=%2Fwp%2Fv2%2Fcategories&post=13908"},{"taxonomy":"post_tag","embeddable":true,"href":"https:\/\/wgphoto.pl\/t\/index.php?rest_route=%2Fwp%2Fv2%2Ftags&post=13908"}],"curies":[{"name":"wp","href":"https:\/\/api.w.org\/{rel}","templated":true}]}}