{"id":13917,"date":"2025-03-07T23:02:05","date_gmt":"2025-03-07T22:02:05","guid":{"rendered":"https:\/\/wgphoto.pl\/t\/?p=13917"},"modified":"2025-03-07T23:02:05","modified_gmt":"2025-03-07T22:02:05","slug":"stanowiska-a-i-b","status":"publish","type":"post","link":"https:\/\/wgphoto.pl\/t\/?p=13917","title":{"rendered":"Stanowiska A i B"},"content":{"rendered":"\n<figure class=\"wp-block-image aligncenter size-full\"><img loading=\"lazy\" decoding=\"async\" width=\"1200\" height=\"795\" src=\"https:\/\/wgphoto.pl\/t\/wp-content\/uploads\/2025\/03\/IMGP5654.jpg\" alt=\"\" class=\"wp-image-13918\" srcset=\"https:\/\/wgphoto.pl\/t\/wp-content\/uploads\/2025\/03\/IMGP5654.jpg 1200w, https:\/\/wgphoto.pl\/t\/wp-content\/uploads\/2025\/03\/IMGP5654-300x199.jpg 300w, https:\/\/wgphoto.pl\/t\/wp-content\/uploads\/2025\/03\/IMGP5654-768x509.jpg 768w\" sizes=\"auto, (max-width: 1200px) 100vw, 1200px\" \/><\/figure>\n\n\n\n<div class=\"wp-block-group has-global-padding is-layout-constrained wp-block-group-is-layout-constrained\">\n<p>Je\u015bli kto\u015b mi powie, \u017ce NRD-owskie miasta s\u0105 wymar\u0142e, wy\u015bl\u0119 go do Halle. Rynek, na kt\u00f3ry mo\u017cna dojecha\u0107 o\u015bmioma spo\u015br\u00f3d jedenastu tutejszych linii tramwajowych, a\u017c t\u0119tni \u017cyciem. 2016-08-13<\/p>\n<\/div>\n","protected":false},"excerpt":{"rendered":"<p>Je\u015bli kto\u015b mi powie, \u017ce NRD-owskie miasta s\u0105 wymar\u0142e, wy\u015bl\u0119 go do Halle. Rynek, na kt\u00f3ry mo\u017cna dojecha\u0107 o\u015bmioma spo\u015br\u00f3d jedenastu tutejszych linii tramwajowych, a\u017c t\u0119tni \u017cyciem. 2016-08-13<\/p>\n","protected":false},"author":1,"featured_media":13918,"comment_status":"open","ping_status":"","sticky":false,"template":"","format":"standard","meta":{"footnotes":""},"categories":[125,3],"tags":[1184,239,1802,1182,1183,151,23],"class_list":["post-13917","post","type-post","status-publish","format-standard","has-post-thumbnail","hentry","category-rok-2016","category-tramwaj","tag-2016-08-13","tag-deptak","tag-duewag-ngtx","tag-halle","tag-hawag-halle","tag-ludzie","tag-niemcy"],"_links":{"self":[{"href":"https:\/\/wgphoto.pl\/t\/index.php?rest_route=\/wp\/v2\/posts\/13917","targetHints":{"allow":["GET"]}}],"collection":[{"href":"https:\/\/wgphoto.pl\/t\/index.php?rest_route=\/wp\/v2\/posts"}],"about":[{"href":"https:\/\/wgphoto.pl\/t\/index.php?rest_route=\/wp\/v2\/types\/post"}],"author":[{"embeddable":true,"href":"https:\/\/wgphoto.pl\/t\/index.php?rest_route=\/wp\/v2\/users\/1"}],"replies":[{"embeddable":true,"href":"https:\/\/wgphoto.pl\/t\/index.php?rest_route=%2Fwp%2Fv2%2Fcomments&post=13917"}],"version-history":[{"count":1,"href":"https:\/\/wgphoto.pl\/t\/index.php?rest_route=\/wp\/v2\/posts\/13917\/revisions"}],"predecessor-version":[{"id":13919,"href":"https:\/\/wgphoto.pl\/t\/index.php?rest_route=\/wp\/v2\/posts\/13917\/revisions\/13919"}],"wp:featuredmedia":[{"embeddable":true,"href":"https:\/\/wgphoto.pl\/t\/index.php?rest_route=\/wp\/v2\/media\/13918"}],"wp:attachment":[{"href":"https:\/\/wgphoto.pl\/t\/index.php?rest_route=%2Fwp%2Fv2%2Fmedia&parent=13917"}],"wp:term":[{"taxonomy":"category","embeddable":true,"href":"https:\/\/wgphoto.pl\/t\/index.php?rest_route=%2Fwp%2Fv2%2Fcategories&post=13917"},{"taxonomy":"post_tag","embeddable":true,"href":"https:\/\/wgphoto.pl\/t\/index.php?rest_route=%2Fwp%2Fv2%2Ftags&post=13917"}],"curies":[{"name":"wp","href":"https:\/\/api.w.org\/{rel}","templated":true}]}}