{"id":13920,"date":"2025-03-07T23:03:10","date_gmt":"2025-03-07T22:03:10","guid":{"rendered":"https:\/\/wgphoto.pl\/t\/?p=13920"},"modified":"2025-03-07T23:03:10","modified_gmt":"2025-03-07T22:03:10","slug":"czerwona-wieza","status":"publish","type":"post","link":"https:\/\/wgphoto.pl\/t\/?p=13920","title":{"rendered":"Czerwona Wie\u017ca"},"content":{"rendered":"\n<figure class=\"wp-block-image aligncenter size-full\"><img loading=\"lazy\" decoding=\"async\" width=\"600\" height=\"905\" src=\"https:\/\/wgphoto.pl\/t\/wp-content\/uploads\/2025\/03\/IMGP5793.jpg\" alt=\"\" class=\"wp-image-13921\" srcset=\"https:\/\/wgphoto.pl\/t\/wp-content\/uploads\/2025\/03\/IMGP5793.jpg 600w, https:\/\/wgphoto.pl\/t\/wp-content\/uploads\/2025\/03\/IMGP5793-199x300.jpg 199w\" sizes=\"auto, (max-width: 600px) 100vw, 600px\" \/><\/figure>\n\n\n\n<div class=\"wp-block-group has-global-padding is-layout-constrained wp-block-group-is-layout-constrained\">\n<p>Halle(Saale), Marktplatz. Nad rynkiem g\u00f3ruje Roter Turm, wznosz\u0105ca si\u0119 84 metry ponad poziom placu. To foto bardzo \u0142adnie si\u0119 prostuje, ale wol\u0119 ju\u017c &#8222;wal\u0105ce si\u0119&#8221; boki od proporcji kadru 1:2. 2016-08-13<\/p>\n<\/div>\n","protected":false},"excerpt":{"rendered":"<p>Halle(Saale), Marktplatz. Nad rynkiem g\u00f3ruje Roter Turm, wznosz\u0105ca si\u0119 84 metry ponad poziom placu. To foto bardzo \u0142adnie si\u0119 prostuje, ale wol\u0119 ju\u017c &#8222;wal\u0105ce si\u0119&#8221; boki od proporcji kadru 1:2. 2016-08-13<\/p>\n","protected":false},"author":1,"featured_media":13921,"comment_status":"open","ping_status":"","sticky":false,"template":"","format":"standard","meta":{"footnotes":""},"categories":[128,125,3],"tags":[1184,34,1802,1182,1183,23],"class_list":["post-13920","post","type-post","status-publish","format-standard","has-post-thumbnail","hentry","category-pionowe","category-rok-2016","category-tramwaj","tag-2016-08-13","tag-architektura","tag-duewag-ngtx","tag-halle","tag-hawag-halle","tag-niemcy"],"_links":{"self":[{"href":"https:\/\/wgphoto.pl\/t\/index.php?rest_route=\/wp\/v2\/posts\/13920","targetHints":{"allow":["GET"]}}],"collection":[{"href":"https:\/\/wgphoto.pl\/t\/index.php?rest_route=\/wp\/v2\/posts"}],"about":[{"href":"https:\/\/wgphoto.pl\/t\/index.php?rest_route=\/wp\/v2\/types\/post"}],"author":[{"embeddable":true,"href":"https:\/\/wgphoto.pl\/t\/index.php?rest_route=\/wp\/v2\/users\/1"}],"replies":[{"embeddable":true,"href":"https:\/\/wgphoto.pl\/t\/index.php?rest_route=%2Fwp%2Fv2%2Fcomments&post=13920"}],"version-history":[{"count":1,"href":"https:\/\/wgphoto.pl\/t\/index.php?rest_route=\/wp\/v2\/posts\/13920\/revisions"}],"predecessor-version":[{"id":13922,"href":"https:\/\/wgphoto.pl\/t\/index.php?rest_route=\/wp\/v2\/posts\/13920\/revisions\/13922"}],"wp:featuredmedia":[{"embeddable":true,"href":"https:\/\/wgphoto.pl\/t\/index.php?rest_route=\/wp\/v2\/media\/13921"}],"wp:attachment":[{"href":"https:\/\/wgphoto.pl\/t\/index.php?rest_route=%2Fwp%2Fv2%2Fmedia&parent=13920"}],"wp:term":[{"taxonomy":"category","embeddable":true,"href":"https:\/\/wgphoto.pl\/t\/index.php?rest_route=%2Fwp%2Fv2%2Fcategories&post=13920"},{"taxonomy":"post_tag","embeddable":true,"href":"https:\/\/wgphoto.pl\/t\/index.php?rest_route=%2Fwp%2Fv2%2Ftags&post=13920"}],"curies":[{"name":"wp","href":"https:\/\/api.w.org\/{rel}","templated":true}]}}