{"id":13923,"date":"2025-03-07T23:04:02","date_gmt":"2025-03-07T22:04:02","guid":{"rendered":"https:\/\/wgphoto.pl\/t\/?p=13923"},"modified":"2025-03-07T23:04:02","modified_gmt":"2025-03-07T22:04:02","slug":"niskopodlogowe-kombinacje","status":"publish","type":"post","link":"https:\/\/wgphoto.pl\/t\/?p=13923","title":{"rendered":"Niskopod\u0142ogowe kombinacje"},"content":{"rendered":"\n<figure class=\"wp-block-image aligncenter size-full\"><img loading=\"lazy\" decoding=\"async\" width=\"600\" height=\"905\" src=\"https:\/\/wgphoto.pl\/t\/wp-content\/uploads\/2025\/03\/IMGP5664.jpg\" alt=\"\" class=\"wp-image-13924\" srcset=\"https:\/\/wgphoto.pl\/t\/wp-content\/uploads\/2025\/03\/IMGP5664.jpg 600w, https:\/\/wgphoto.pl\/t\/wp-content\/uploads\/2025\/03\/IMGP5664-199x300.jpg 199w\" sizes=\"auto, (max-width: 600px) 100vw, 600px\" \/><\/figure>\n\n\n\n<div class=\"wp-block-group has-global-padding is-layout-constrained wp-block-group-is-layout-constrained\">\n<p>W Halle wszystkie wsp\u00f3\u0142czesne wagony tramwajowe s\u0105 dwukierunkowe, mimo \u017ce na mapie znalaz\u0142em tylko dwie trasy zako\u0144czone \u015blepym kra\u0144cem. Kwesti\u0119 tramwaj\u00f3w o wysokiej pojemno\u015bci rozwi\u0105zano tutaj \u0142\u0105cz\u0105c w sk\u0142ady dwucz\u0142onowe &#8222;Bombardierki&#8221; (znane np. z Dessau), przy czym w Halle s\u0105 to wagony dwustronne (jedna kabina, drzwi po obu stronach), po\u0142\u0105czone ty\u0142ami. Ciekaw jestem przyczyny takiego kombinowania &#8211; jedyne co mi przychodzi do g\u0142owy, to roz\u0142\u0105czanie tych sk\u0142ad\u00f3w w niedzielne poranki lub inne \u015bwi\u0119ta, kiedy pojemno\u015b\u0107 dwucz\u0142onowego wagonu jest wystarczaj\u0105ca, ale czy to jest pow\u00f3d by kupowa\u0107 kr\u00f3tkie tramwaje, po\u0142\u0105czone w sk\u0142ady przez wi\u0119kszo\u015b\u0107 dni w roku? 2016-08-13<\/p>\n<\/div>\n","protected":false},"excerpt":{"rendered":"<p>W Halle wszystkie wsp\u00f3\u0142czesne wagony tramwajowe s\u0105 dwukierunkowe, mimo \u017ce na mapie znalaz\u0142em tylko dwie trasy zako\u0144czone \u015blepym kra\u0144cem. Kwesti\u0119 tramwaj\u00f3w o wysokiej pojemno\u015bci rozwi\u0105zano tutaj \u0142\u0105cz\u0105c w sk\u0142ady dwucz\u0142onowe &#8222;Bombardierki&#8221; (znane np. z Dessau), przy czym w Halle s\u0105 to wagony dwustronne (jedna kabina, drzwi po obu stronach), po\u0142\u0105czone ty\u0142ami. Ciekaw jestem przyczyny takiego [&hellip;]<\/p>\n","protected":false},"author":1,"featured_media":13924,"comment_status":"open","ping_status":"","sticky":false,"template":"","format":"standard","meta":{"footnotes":""},"categories":[128,125,3],"tags":[1184,1126,1182,1183,23,143],"class_list":["post-13923","post","type-post","status-publish","format-standard","has-post-thumbnail","hentry","category-pionowe","category-rok-2016","category-tramwaj","tag-2016-08-13","tag-bombardier-flexity-classic","tag-halle","tag-hawag-halle","tag-niemcy","tag-ponad-30m"],"_links":{"self":[{"href":"https:\/\/wgphoto.pl\/t\/index.php?rest_route=\/wp\/v2\/posts\/13923","targetHints":{"allow":["GET"]}}],"collection":[{"href":"https:\/\/wgphoto.pl\/t\/index.php?rest_route=\/wp\/v2\/posts"}],"about":[{"href":"https:\/\/wgphoto.pl\/t\/index.php?rest_route=\/wp\/v2\/types\/post"}],"author":[{"embeddable":true,"href":"https:\/\/wgphoto.pl\/t\/index.php?rest_route=\/wp\/v2\/users\/1"}],"replies":[{"embeddable":true,"href":"https:\/\/wgphoto.pl\/t\/index.php?rest_route=%2Fwp%2Fv2%2Fcomments&post=13923"}],"version-history":[{"count":1,"href":"https:\/\/wgphoto.pl\/t\/index.php?rest_route=\/wp\/v2\/posts\/13923\/revisions"}],"predecessor-version":[{"id":13925,"href":"https:\/\/wgphoto.pl\/t\/index.php?rest_route=\/wp\/v2\/posts\/13923\/revisions\/13925"}],"wp:featuredmedia":[{"embeddable":true,"href":"https:\/\/wgphoto.pl\/t\/index.php?rest_route=\/wp\/v2\/media\/13924"}],"wp:attachment":[{"href":"https:\/\/wgphoto.pl\/t\/index.php?rest_route=%2Fwp%2Fv2%2Fmedia&parent=13923"}],"wp:term":[{"taxonomy":"category","embeddable":true,"href":"https:\/\/wgphoto.pl\/t\/index.php?rest_route=%2Fwp%2Fv2%2Fcategories&post=13923"},{"taxonomy":"post_tag","embeddable":true,"href":"https:\/\/wgphoto.pl\/t\/index.php?rest_route=%2Fwp%2Fv2%2Ftags&post=13923"}],"curies":[{"name":"wp","href":"https:\/\/api.w.org\/{rel}","templated":true}]}}