{"id":13926,"date":"2025-03-07T23:05:08","date_gmt":"2025-03-07T22:05:08","guid":{"rendered":"https:\/\/wgphoto.pl\/t\/?p=13926"},"modified":"2025-03-07T23:05:08","modified_gmt":"2025-03-07T22:05:08","slug":"tramwajem-do-ciechocinka","status":"publish","type":"post","link":"https:\/\/wgphoto.pl\/t\/?p=13926","title":{"rendered":"Tramwajem do Ciechocinka"},"content":{"rendered":"\n<figure class=\"wp-block-image aligncenter size-full\"><img loading=\"lazy\" decoding=\"async\" width=\"1300\" height=\"861\" src=\"https:\/\/wgphoto.pl\/t\/wp-content\/uploads\/2025\/03\/IMGP5813.jpg\" alt=\"\" class=\"wp-image-13927\" srcset=\"https:\/\/wgphoto.pl\/t\/wp-content\/uploads\/2025\/03\/IMGP5813.jpg 1300w, https:\/\/wgphoto.pl\/t\/wp-content\/uploads\/2025\/03\/IMGP5813-300x199.jpg 300w, https:\/\/wgphoto.pl\/t\/wp-content\/uploads\/2025\/03\/IMGP5813-768x509.jpg 768w\" sizes=\"auto, (max-width: 1300px) 100vw, 1300px\" \/><\/figure>\n\n\n\n<div class=\"wp-block-group has-global-padding is-layout-constrained wp-block-group-is-layout-constrained\">\n<p>Bad D\u00fcrrenberg, Salinestra\u00dfe. Halle(Saale) mo\u017ce si\u0119 poszczyci\u0107 istnieniem tramwajowej komunikacji mi\u0119dzymiastowej. Linia 5, kursuj\u0105ca z p\u00f3\u0142nocy na po\u0142udnie Halle, kontynuuje jazd\u0119 przez ponad 30-tysi\u0119czny Merseburg oraz kilka pomniejszych miejscowo\u015bci i mija ogromne zak\u0142ady chemiczne by zako\u0144czy\u0107 tras\u0119 przy dworcu kolejowym w uzdrowisku Bad D\u00fcrrenberg. W ci\u0105gu 1h 43 min jazdy tramwaje pokonuj\u0105 ponad 30 kilometr\u00f3w. To prawie tak jakby zbudowa\u0107 lini\u0119 tramwajow\u0105 z Torunia do Ciechocinka. Por\u00f3wnanie nie jest przypadkowe, Bad D\u00fcrrenberg i Ciechocinek maj\u0105 bowiem co nieco wsp\u00f3lnego. 2016-08-13<\/p>\n<\/div>\n","protected":false},"excerpt":{"rendered":"<p>Bad D\u00fcrrenberg, Salinestra\u00dfe. Halle(Saale) mo\u017ce si\u0119 poszczyci\u0107 istnieniem tramwajowej komunikacji mi\u0119dzymiastowej. Linia 5, kursuj\u0105ca z p\u00f3\u0142nocy na po\u0142udnie Halle, kontynuuje jazd\u0119 przez ponad 30-tysi\u0119czny Merseburg oraz kilka pomniejszych miejscowo\u015bci i mija ogromne zak\u0142ady chemiczne by zako\u0144czy\u0107 tras\u0119 przy dworcu kolejowym w uzdrowisku Bad D\u00fcrrenberg. W ci\u0105gu 1h 43 min jazdy tramwaje pokonuj\u0105 ponad 30 kilometr\u00f3w. [&hellip;]<\/p>\n","protected":false},"author":1,"featured_media":13927,"comment_status":"open","ping_status":"","sticky":false,"template":"","format":"standard","meta":{"footnotes":""},"categories":[125,3],"tags":[1184,3390,1802,1182,1183,23,118,1333,561],"class_list":["post-13926","post","type-post","status-publish","format-standard","has-post-thumbnail","hentry","category-rok-2016","category-tramwaj","tag-2016-08-13","tag-bad-durrenberg","tag-duewag-ngtx","tag-halle","tag-hawag-halle","tag-niemcy","tag-plany-i-profile","tag-splot","tag-tramwaj-podmiejski"],"_links":{"self":[{"href":"https:\/\/wgphoto.pl\/t\/index.php?rest_route=\/wp\/v2\/posts\/13926","targetHints":{"allow":["GET"]}}],"collection":[{"href":"https:\/\/wgphoto.pl\/t\/index.php?rest_route=\/wp\/v2\/posts"}],"about":[{"href":"https:\/\/wgphoto.pl\/t\/index.php?rest_route=\/wp\/v2\/types\/post"}],"author":[{"embeddable":true,"href":"https:\/\/wgphoto.pl\/t\/index.php?rest_route=\/wp\/v2\/users\/1"}],"replies":[{"embeddable":true,"href":"https:\/\/wgphoto.pl\/t\/index.php?rest_route=%2Fwp%2Fv2%2Fcomments&post=13926"}],"version-history":[{"count":1,"href":"https:\/\/wgphoto.pl\/t\/index.php?rest_route=\/wp\/v2\/posts\/13926\/revisions"}],"predecessor-version":[{"id":13928,"href":"https:\/\/wgphoto.pl\/t\/index.php?rest_route=\/wp\/v2\/posts\/13926\/revisions\/13928"}],"wp:featuredmedia":[{"embeddable":true,"href":"https:\/\/wgphoto.pl\/t\/index.php?rest_route=\/wp\/v2\/media\/13927"}],"wp:attachment":[{"href":"https:\/\/wgphoto.pl\/t\/index.php?rest_route=%2Fwp%2Fv2%2Fmedia&parent=13926"}],"wp:term":[{"taxonomy":"category","embeddable":true,"href":"https:\/\/wgphoto.pl\/t\/index.php?rest_route=%2Fwp%2Fv2%2Fcategories&post=13926"},{"taxonomy":"post_tag","embeddable":true,"href":"https:\/\/wgphoto.pl\/t\/index.php?rest_route=%2Fwp%2Fv2%2Ftags&post=13926"}],"curies":[{"name":"wp","href":"https:\/\/api.w.org\/{rel}","templated":true}]}}