{"id":13929,"date":"2025-03-07T23:06:52","date_gmt":"2025-03-07T22:06:52","guid":{"rendered":"https:\/\/wgphoto.pl\/t\/?p=13929"},"modified":"2025-03-07T23:06:52","modified_gmt":"2025-03-07T22:06:52","slug":"upalnie","status":"publish","type":"post","link":"https:\/\/wgphoto.pl\/t\/?p=13929","title":{"rendered":"Upalnie"},"content":{"rendered":"\n<figure class=\"wp-block-image aligncenter size-full\"><img loading=\"lazy\" decoding=\"async\" width=\"1300\" height=\"861\" src=\"https:\/\/wgphoto.pl\/t\/wp-content\/uploads\/2025\/03\/IMGP5911-2.jpg\" alt=\"\" class=\"wp-image-13930\" srcset=\"https:\/\/wgphoto.pl\/t\/wp-content\/uploads\/2025\/03\/IMGP5911-2.jpg 1300w, https:\/\/wgphoto.pl\/t\/wp-content\/uploads\/2025\/03\/IMGP5911-2-300x199.jpg 300w, https:\/\/wgphoto.pl\/t\/wp-content\/uploads\/2025\/03\/IMGP5911-2-768x509.jpg 768w\" sizes=\"auto, (max-width: 1300px) 100vw, 1300px\" \/><\/figure>\n\n\n\n<div class=\"wp-block-group has-global-padding is-layout-constrained wp-block-group-is-layout-constrained\">\n<p>Kat\u00f3wka w reklamie (KT4DC 314) zaliczy\u0142a przystanek w Wahlwinkel i niespiesznie kontynuuje jazd\u0119 do Gothy przez \u0142\u0105ki i pola, nad kt\u00f3rymi faluje gor\u0105ce powietrze. 2016-08-14<\/p>\n<\/div>\n","protected":false},"excerpt":{"rendered":"<p>Kat\u00f3wka w reklamie (KT4DC 314) zaliczy\u0142a przystanek w Wahlwinkel i niespiesznie kontynuuje jazd\u0119 do Gothy przez \u0142\u0105ki i pola, nad kt\u00f3rymi faluje gor\u0105ce powietrze. 2016-08-14<\/p>\n","protected":false},"author":1,"featured_media":13930,"comment_status":"open","ping_status":"","sticky":false,"template":"","format":"standard","meta":{"footnotes":""},"categories":[125,3],"tags":[1962,1961,113,23,33,561,1960],"class_list":["post-13929","post","type-post","status-publish","format-standard","has-post-thumbnail","hentry","category-rok-2016","category-tramwaj","tag-2016-08-14","tag-gotha","tag-landszaft","tag-niemcy","tag-tatra-kt4","tag-tramwaj-podmiejski","tag-twsb-gotha"],"_links":{"self":[{"href":"https:\/\/wgphoto.pl\/t\/index.php?rest_route=\/wp\/v2\/posts\/13929","targetHints":{"allow":["GET"]}}],"collection":[{"href":"https:\/\/wgphoto.pl\/t\/index.php?rest_route=\/wp\/v2\/posts"}],"about":[{"href":"https:\/\/wgphoto.pl\/t\/index.php?rest_route=\/wp\/v2\/types\/post"}],"author":[{"embeddable":true,"href":"https:\/\/wgphoto.pl\/t\/index.php?rest_route=\/wp\/v2\/users\/1"}],"replies":[{"embeddable":true,"href":"https:\/\/wgphoto.pl\/t\/index.php?rest_route=%2Fwp%2Fv2%2Fcomments&post=13929"}],"version-history":[{"count":1,"href":"https:\/\/wgphoto.pl\/t\/index.php?rest_route=\/wp\/v2\/posts\/13929\/revisions"}],"predecessor-version":[{"id":13931,"href":"https:\/\/wgphoto.pl\/t\/index.php?rest_route=\/wp\/v2\/posts\/13929\/revisions\/13931"}],"wp:featuredmedia":[{"embeddable":true,"href":"https:\/\/wgphoto.pl\/t\/index.php?rest_route=\/wp\/v2\/media\/13930"}],"wp:attachment":[{"href":"https:\/\/wgphoto.pl\/t\/index.php?rest_route=%2Fwp%2Fv2%2Fmedia&parent=13929"}],"wp:term":[{"taxonomy":"category","embeddable":true,"href":"https:\/\/wgphoto.pl\/t\/index.php?rest_route=%2Fwp%2Fv2%2Fcategories&post=13929"},{"taxonomy":"post_tag","embeddable":true,"href":"https:\/\/wgphoto.pl\/t\/index.php?rest_route=%2Fwp%2Fv2%2Ftags&post=13929"}],"curies":[{"name":"wp","href":"https:\/\/api.w.org\/{rel}","templated":true}]}}