{"id":13932,"date":"2025-03-07T23:07:41","date_gmt":"2025-03-07T22:07:41","guid":{"rendered":"https:\/\/wgphoto.pl\/t\/?p=13932"},"modified":"2025-03-07T23:07:41","modified_gmt":"2025-03-07T22:07:41","slug":"2435-mm-dwutoru","status":"publish","type":"post","link":"https:\/\/wgphoto.pl\/t\/?p=13932","title":{"rendered":"2435 mm dwutoru"},"content":{"rendered":"\n<figure class=\"wp-block-image aligncenter size-full\"><img loading=\"lazy\" decoding=\"async\" width=\"1200\" height=\"795\" src=\"https:\/\/wgphoto.pl\/t\/wp-content\/uploads\/2025\/03\/IMGP5940.jpg\" alt=\"\" class=\"wp-image-13933\" srcset=\"https:\/\/wgphoto.pl\/t\/wp-content\/uploads\/2025\/03\/IMGP5940.jpg 1200w, https:\/\/wgphoto.pl\/t\/wp-content\/uploads\/2025\/03\/IMGP5940-300x199.jpg 300w, https:\/\/wgphoto.pl\/t\/wp-content\/uploads\/2025\/03\/IMGP5940-768x509.jpg 768w\" sizes=\"auto, (max-width: 1200px) 100vw, 1200px\" \/><\/figure>\n\n\n\n<div class=\"wp-block-group has-global-padding is-layout-constrained wp-block-group-is-layout-constrained\">\n<p>Mi\u0119dzy Waltershausen a Reinhardsbrunn tramwajowe, zelektryfikowane 1000 mm prowadzi wzd\u0142u\u017c niezelktryfikowanego toru normalnego lokalnej linii kolejowej Fr\u00f6ttst\u00e4dt &#8211; Friedrichroda. Przejazdy zlokalizowane na tym odcinku s\u0105 zabezpieczone SSP aktywowan\u0105 przez oba \u015brodki transportu. 2016-08-14<\/p>\n<\/div>\n","protected":false},"excerpt":{"rendered":"<p>Mi\u0119dzy Waltershausen a Reinhardsbrunn tramwajowe, zelektryfikowane 1000 mm prowadzi wzd\u0142u\u017c niezelktryfikowanego toru normalnego lokalnej linii kolejowej Fr\u00f6ttst\u00e4dt &#8211; Friedrichroda. Przejazdy zlokalizowane na tym odcinku s\u0105 zabezpieczone SSP aktywowan\u0105 przez oba \u015brodki transportu. 2016-08-14<\/p>\n","protected":false},"author":1,"featured_media":13933,"comment_status":"open","ping_status":"","sticky":false,"template":"","format":"standard","meta":{"footnotes":""},"categories":[125,3],"tags":[1962,1961,23,33,561,1960],"class_list":["post-13932","post","type-post","status-publish","format-standard","has-post-thumbnail","hentry","category-rok-2016","category-tramwaj","tag-2016-08-14","tag-gotha","tag-niemcy","tag-tatra-kt4","tag-tramwaj-podmiejski","tag-twsb-gotha"],"_links":{"self":[{"href":"https:\/\/wgphoto.pl\/t\/index.php?rest_route=\/wp\/v2\/posts\/13932","targetHints":{"allow":["GET"]}}],"collection":[{"href":"https:\/\/wgphoto.pl\/t\/index.php?rest_route=\/wp\/v2\/posts"}],"about":[{"href":"https:\/\/wgphoto.pl\/t\/index.php?rest_route=\/wp\/v2\/types\/post"}],"author":[{"embeddable":true,"href":"https:\/\/wgphoto.pl\/t\/index.php?rest_route=\/wp\/v2\/users\/1"}],"replies":[{"embeddable":true,"href":"https:\/\/wgphoto.pl\/t\/index.php?rest_route=%2Fwp%2Fv2%2Fcomments&post=13932"}],"version-history":[{"count":1,"href":"https:\/\/wgphoto.pl\/t\/index.php?rest_route=\/wp\/v2\/posts\/13932\/revisions"}],"predecessor-version":[{"id":13934,"href":"https:\/\/wgphoto.pl\/t\/index.php?rest_route=\/wp\/v2\/posts\/13932\/revisions\/13934"}],"wp:featuredmedia":[{"embeddable":true,"href":"https:\/\/wgphoto.pl\/t\/index.php?rest_route=\/wp\/v2\/media\/13933"}],"wp:attachment":[{"href":"https:\/\/wgphoto.pl\/t\/index.php?rest_route=%2Fwp%2Fv2%2Fmedia&parent=13932"}],"wp:term":[{"taxonomy":"category","embeddable":true,"href":"https:\/\/wgphoto.pl\/t\/index.php?rest_route=%2Fwp%2Fv2%2Fcategories&post=13932"},{"taxonomy":"post_tag","embeddable":true,"href":"https:\/\/wgphoto.pl\/t\/index.php?rest_route=%2Fwp%2Fv2%2Ftags&post=13932"}],"curies":[{"name":"wp","href":"https:\/\/api.w.org\/{rel}","templated":true}]}}