{"id":13935,"date":"2025-03-07T23:08:32","date_gmt":"2025-03-07T22:08:32","guid":{"rendered":"https:\/\/wgphoto.pl\/t\/?p=13935"},"modified":"2025-03-07T23:08:32","modified_gmt":"2025-03-07T22:08:32","slug":"gt8n-nr-505","status":"publish","type":"post","link":"https:\/\/wgphoto.pl\/t\/?p=13935","title":{"rendered":"GT8N nr 505"},"content":{"rendered":"\n<figure class=\"wp-block-image aligncenter size-full\"><img loading=\"lazy\" decoding=\"async\" width=\"1200\" height=\"795\" src=\"https:\/\/wgphoto.pl\/t\/wp-content\/uploads\/2025\/03\/IMGP5907.jpg\" alt=\"\" class=\"wp-image-13936\" srcset=\"https:\/\/wgphoto.pl\/t\/wp-content\/uploads\/2025\/03\/IMGP5907.jpg 1200w, https:\/\/wgphoto.pl\/t\/wp-content\/uploads\/2025\/03\/IMGP5907-300x199.jpg 300w, https:\/\/wgphoto.pl\/t\/wp-content\/uploads\/2025\/03\/IMGP5907-768x509.jpg 768w\" sizes=\"auto, (max-width: 1200px) 100vw, 1200px\" \/><\/figure>\n\n\n\n<div class=\"wp-block-group has-global-padding is-layout-constrained wp-block-group-is-layout-constrained\">\n<p>Jedyna w planie niedzielnym niskopod\u0142ogowa brygada pokonuje odcinek Leina &#8211; Wahlwinkel. Og\u00f3\u0142em w niedziele zajezdni\u0119 opuszcza oko\u0142o 8 woz\u00f3w, z czego wi\u0119kszo\u015b\u0107 kursuje na podmiejskiej czw\u00f3rce. 2016-08-14<\/p>\n<\/div>\n","protected":false},"excerpt":{"rendered":"<p>Jedyna w planie niedzielnym niskopod\u0142ogowa brygada pokonuje odcinek Leina &#8211; Wahlwinkel. Og\u00f3\u0142em w niedziele zajezdni\u0119 opuszcza oko\u0142o 8 woz\u00f3w, z czego wi\u0119kszo\u015b\u0107 kursuje na podmiejskiej czw\u00f3rce. 2016-08-14<\/p>\n","protected":false},"author":1,"featured_media":13936,"comment_status":"open","ping_status":"","sticky":false,"template":"","format":"standard","meta":{"footnotes":""},"categories":[125,3],"tags":[1962,1961,238,23,561,1960,1555],"class_list":["post-13935","post","type-post","status-publish","format-standard","has-post-thumbnail","hentry","category-rok-2016","category-tramwaj","tag-2016-08-14","tag-gotha","tag-gt8","tag-niemcy","tag-tramwaj-podmiejski","tag-twsb-gotha","tag-zwierzyna"],"_links":{"self":[{"href":"https:\/\/wgphoto.pl\/t\/index.php?rest_route=\/wp\/v2\/posts\/13935","targetHints":{"allow":["GET"]}}],"collection":[{"href":"https:\/\/wgphoto.pl\/t\/index.php?rest_route=\/wp\/v2\/posts"}],"about":[{"href":"https:\/\/wgphoto.pl\/t\/index.php?rest_route=\/wp\/v2\/types\/post"}],"author":[{"embeddable":true,"href":"https:\/\/wgphoto.pl\/t\/index.php?rest_route=\/wp\/v2\/users\/1"}],"replies":[{"embeddable":true,"href":"https:\/\/wgphoto.pl\/t\/index.php?rest_route=%2Fwp%2Fv2%2Fcomments&post=13935"}],"version-history":[{"count":1,"href":"https:\/\/wgphoto.pl\/t\/index.php?rest_route=\/wp\/v2\/posts\/13935\/revisions"}],"predecessor-version":[{"id":13937,"href":"https:\/\/wgphoto.pl\/t\/index.php?rest_route=\/wp\/v2\/posts\/13935\/revisions\/13937"}],"wp:featuredmedia":[{"embeddable":true,"href":"https:\/\/wgphoto.pl\/t\/index.php?rest_route=\/wp\/v2\/media\/13936"}],"wp:attachment":[{"href":"https:\/\/wgphoto.pl\/t\/index.php?rest_route=%2Fwp%2Fv2%2Fmedia&parent=13935"}],"wp:term":[{"taxonomy":"category","embeddable":true,"href":"https:\/\/wgphoto.pl\/t\/index.php?rest_route=%2Fwp%2Fv2%2Fcategories&post=13935"},{"taxonomy":"post_tag","embeddable":true,"href":"https:\/\/wgphoto.pl\/t\/index.php?rest_route=%2Fwp%2Fv2%2Ftags&post=13935"}],"curies":[{"name":"wp","href":"https:\/\/api.w.org\/{rel}","templated":true}]}}