{"id":1394,"date":"2024-10-03T22:02:23","date_gmt":"2024-10-03T20:02:23","guid":{"rendered":"https:\/\/wgphoto.pl\/t\/?p=1394"},"modified":"2024-10-03T22:02:23","modified_gmt":"2024-10-03T20:02:23","slug":"stodwojka-przez-tunel","status":"publish","type":"post","link":"https:\/\/wgphoto.pl\/t\/?p=1394","title":{"rendered":"&#8222;Stodw\u00f3jk\u0105&#8221; przez tunel"},"content":{"rendered":"\n<figure class=\"wp-block-image aligncenter size-full\"><img loading=\"lazy\" decoding=\"async\" width=\"1200\" height=\"795\" src=\"https:\/\/wgphoto.pl\/t\/wp-content\/uploads\/2024\/10\/IMGP0980-2.jpg\" alt=\"\" class=\"wp-image-1396\" srcset=\"https:\/\/wgphoto.pl\/t\/wp-content\/uploads\/2024\/10\/IMGP0980-2.jpg 1200w, https:\/\/wgphoto.pl\/t\/wp-content\/uploads\/2024\/10\/IMGP0980-2-300x199.jpg 300w, https:\/\/wgphoto.pl\/t\/wp-content\/uploads\/2024\/10\/IMGP0980-2-768x509.jpg 768w\" sizes=\"auto, (max-width: 1200px) 100vw, 1200px\" \/><\/figure>\n\n\n\n<div class=\"wp-block-group has-global-padding is-layout-constrained wp-block-group-is-layout-constrained\">\n<p>Bruksela, Lemonnier. To miejsce zrobi\u0142o na mnie najwi\u0119ksze wra\u017cenie w brukselskim premetrze, nie tylko ze wzgl\u0119du na czterotor czy podziemne skrzy\u017cowanie, ale dlatego \u017ce mo\u017cna tam zupe\u0142nie legalnie zajrze\u0107, a nawet pokona\u0107 przej\u015bcie dla pieszych w poziomie tor\u00f3w (w tunelu!), gdy\u017c zaraz za moimi plecami znajduje si\u0119 zesp\u00f3\u0142 przystankowy. 17.08.2018<\/p>\n<\/div>\n","protected":false},"excerpt":{"rendered":"<p>Bruksela, Lemonnier. To miejsce zrobi\u0142o na mnie najwi\u0119ksze wra\u017cenie w brukselskim premetrze, nie tylko ze wzgl\u0119du na czterotor czy podziemne skrzy\u017cowanie, ale dlatego \u017ce mo\u017cna tam zupe\u0142nie legalnie zajrze\u0107, a nawet pokona\u0107 przej\u015bcie dla pieszych w poziomie tor\u00f3w (w tunelu!), gdy\u017c zaraz za moimi plecami znajduje si\u0119 zesp\u00f3\u0142 przystankowy. 17.08.2018<\/p>\n","protected":false},"author":1,"featured_media":1396,"comment_status":"open","ping_status":"","sticky":false,"template":"","format":"standard","meta":{"footnotes":""},"categories":[156,3],"tags":[697,695,696,692,694,103,693,15],"class_list":["post-1394","post","type-post","status-publish","format-standard","has-post-thumbnail","hentry","category-rok-2018","category-tramwaj","tag-2018-08-17","tag-belgia","tag-belgia-2018","tag-bruksela","tag-pcc","tag-premetro","tag-stib-mivb-bruxelles","tag-tunel"],"_links":{"self":[{"href":"https:\/\/wgphoto.pl\/t\/index.php?rest_route=\/wp\/v2\/posts\/1394","targetHints":{"allow":["GET"]}}],"collection":[{"href":"https:\/\/wgphoto.pl\/t\/index.php?rest_route=\/wp\/v2\/posts"}],"about":[{"href":"https:\/\/wgphoto.pl\/t\/index.php?rest_route=\/wp\/v2\/types\/post"}],"author":[{"embeddable":true,"href":"https:\/\/wgphoto.pl\/t\/index.php?rest_route=\/wp\/v2\/users\/1"}],"replies":[{"embeddable":true,"href":"https:\/\/wgphoto.pl\/t\/index.php?rest_route=%2Fwp%2Fv2%2Fcomments&post=1394"}],"version-history":[{"count":1,"href":"https:\/\/wgphoto.pl\/t\/index.php?rest_route=\/wp\/v2\/posts\/1394\/revisions"}],"predecessor-version":[{"id":1397,"href":"https:\/\/wgphoto.pl\/t\/index.php?rest_route=\/wp\/v2\/posts\/1394\/revisions\/1397"}],"wp:featuredmedia":[{"embeddable":true,"href":"https:\/\/wgphoto.pl\/t\/index.php?rest_route=\/wp\/v2\/media\/1396"}],"wp:attachment":[{"href":"https:\/\/wgphoto.pl\/t\/index.php?rest_route=%2Fwp%2Fv2%2Fmedia&parent=1394"}],"wp:term":[{"taxonomy":"category","embeddable":true,"href":"https:\/\/wgphoto.pl\/t\/index.php?rest_route=%2Fwp%2Fv2%2Fcategories&post=1394"},{"taxonomy":"post_tag","embeddable":true,"href":"https:\/\/wgphoto.pl\/t\/index.php?rest_route=%2Fwp%2Fv2%2Ftags&post=1394"}],"curies":[{"name":"wp","href":"https:\/\/api.w.org\/{rel}","templated":true}]}}