{"id":13944,"date":"2025-03-07T23:11:17","date_gmt":"2025-03-07T22:11:17","guid":{"rendered":"https:\/\/wgphoto.pl\/t\/?p=13944"},"modified":"2025-03-07T23:11:17","modified_gmt":"2025-03-07T22:11:17","slug":"waltershausen-gleisdreieck","status":"publish","type":"post","link":"https:\/\/wgphoto.pl\/t\/?p=13944","title":{"rendered":"Waltershausen, Gleisdreieck"},"content":{"rendered":"\n<figure class=\"wp-block-image aligncenter size-full\"><img loading=\"lazy\" decoding=\"async\" width=\"1200\" height=\"795\" src=\"https:\/\/wgphoto.pl\/t\/wp-content\/uploads\/2025\/03\/IMGP5919.jpg\" alt=\"\" class=\"wp-image-13945\" srcset=\"https:\/\/wgphoto.pl\/t\/wp-content\/uploads\/2025\/03\/IMGP5919.jpg 1200w, https:\/\/wgphoto.pl\/t\/wp-content\/uploads\/2025\/03\/IMGP5919-300x199.jpg 300w, https:\/\/wgphoto.pl\/t\/wp-content\/uploads\/2025\/03\/IMGP5919-768x509.jpg 768w\" sizes=\"auto, (max-width: 1200px) 100vw, 1200px\" \/><\/figure>\n\n\n\n<div class=\"wp-block-group has-global-padding is-layout-constrained wp-block-group-is-layout-constrained\">\n<p>Charakterystycznym punktem po\u015brodku trasy jest tr\u00f3jk\u0105t na obrze\u017cach Waltershausen, gdzie zazwyczaj spotykaj\u0105 si\u0119 jednocze\u015bnie trzy tramwaje: dwie czw\u00f3rki oraz skomunikowana z nimi sz\u00f3stka, zapewniaj\u0105ca po\u0142\u0105czenie z &#8222;centrum&#8221; miasteczka. Ka\u017cdy z bok\u00f3w tr\u00f3jk\u0105ta wygl\u0105da jak na zdj\u0119ciu, uk\u0142ad torowy jest zatem wyj\u0105tkowo rozbudowany jak na realia wybiegaj\u0105cych w ka\u017cd\u0105 stron\u0119 odcink\u00f3w jednotorowych. Kilka lat temu miejsce to wyremontowano, pojawi\u0142y si\u0119 w\u00f3wczas wy\u015bwietlacze odliczaj\u0105ce czas do najbli\u017cszego odjazdu. Wykonanie zdj\u0119cia umo\u017cliwi\u0142 motorniczy wagonu 315, kt\u00f3rego najwyra\u017aniej nudz\u0105 senne pr\u0119dko\u015bci rozwijane zgodnie z obowi\u0105zuj\u0105cym rozk\u0142adem jazdy, przyjecha\u0142 tu bowiem (ze mn\u0105 na pok\u0142adzie) dobre 5 minut przed planem. 2016-08-14<\/p>\n<\/div>\n","protected":false},"excerpt":{"rendered":"<p>Charakterystycznym punktem po\u015brodku trasy jest tr\u00f3jk\u0105t na obrze\u017cach Waltershausen, gdzie zazwyczaj spotykaj\u0105 si\u0119 jednocze\u015bnie trzy tramwaje: dwie czw\u00f3rki oraz skomunikowana z nimi sz\u00f3stka, zapewniaj\u0105ca po\u0142\u0105czenie z &#8222;centrum&#8221; miasteczka. Ka\u017cdy z bok\u00f3w tr\u00f3jk\u0105ta wygl\u0105da jak na zdj\u0119ciu, uk\u0142ad torowy jest zatem wyj\u0105tkowo rozbudowany jak na realia wybiegaj\u0105cych w ka\u017cd\u0105 stron\u0119 odcink\u00f3w jednotorowych. Kilka lat temu miejsce [&hellip;]<\/p>\n","protected":false},"author":1,"featured_media":13945,"comment_status":"open","ping_status":"","sticky":false,"template":"","format":"standard","meta":{"footnotes":""},"categories":[125,3],"tags":[1962,1961,23,33,561,1960,3391],"class_list":["post-13944","post","type-post","status-publish","format-standard","has-post-thumbnail","hentry","category-rok-2016","category-tramwaj","tag-2016-08-14","tag-gotha","tag-niemcy","tag-tatra-kt4","tag-tramwaj-podmiejski","tag-twsb-gotha","tag-waltershausen"],"_links":{"self":[{"href":"https:\/\/wgphoto.pl\/t\/index.php?rest_route=\/wp\/v2\/posts\/13944","targetHints":{"allow":["GET"]}}],"collection":[{"href":"https:\/\/wgphoto.pl\/t\/index.php?rest_route=\/wp\/v2\/posts"}],"about":[{"href":"https:\/\/wgphoto.pl\/t\/index.php?rest_route=\/wp\/v2\/types\/post"}],"author":[{"embeddable":true,"href":"https:\/\/wgphoto.pl\/t\/index.php?rest_route=\/wp\/v2\/users\/1"}],"replies":[{"embeddable":true,"href":"https:\/\/wgphoto.pl\/t\/index.php?rest_route=%2Fwp%2Fv2%2Fcomments&post=13944"}],"version-history":[{"count":1,"href":"https:\/\/wgphoto.pl\/t\/index.php?rest_route=\/wp\/v2\/posts\/13944\/revisions"}],"predecessor-version":[{"id":13946,"href":"https:\/\/wgphoto.pl\/t\/index.php?rest_route=\/wp\/v2\/posts\/13944\/revisions\/13946"}],"wp:featuredmedia":[{"embeddable":true,"href":"https:\/\/wgphoto.pl\/t\/index.php?rest_route=\/wp\/v2\/media\/13945"}],"wp:attachment":[{"href":"https:\/\/wgphoto.pl\/t\/index.php?rest_route=%2Fwp%2Fv2%2Fmedia&parent=13944"}],"wp:term":[{"taxonomy":"category","embeddable":true,"href":"https:\/\/wgphoto.pl\/t\/index.php?rest_route=%2Fwp%2Fv2%2Fcategories&post=13944"},{"taxonomy":"post_tag","embeddable":true,"href":"https:\/\/wgphoto.pl\/t\/index.php?rest_route=%2Fwp%2Fv2%2Ftags&post=13944"}],"curies":[{"name":"wp","href":"https:\/\/api.w.org\/{rel}","templated":true}]}}