{"id":13947,"date":"2025-03-07T23:12:13","date_gmt":"2025-03-07T22:12:13","guid":{"rendered":"https:\/\/wgphoto.pl\/t\/?p=13947"},"modified":"2025-03-07T23:12:13","modified_gmt":"2025-03-07T22:12:13","slug":"pod-prad-i-do-tylu","status":"publish","type":"post","link":"https:\/\/wgphoto.pl\/t\/?p=13947","title":{"rendered":"Pod pr\u0105d i do ty\u0142u"},"content":{"rendered":"\n<figure class=\"wp-block-image aligncenter size-full\"><img loading=\"lazy\" decoding=\"async\" width=\"1300\" height=\"861\" src=\"https:\/\/wgphoto.pl\/t\/wp-content\/uploads\/2025\/03\/IMGP5862.jpg\" alt=\"\" class=\"wp-image-13948\" srcset=\"https:\/\/wgphoto.pl\/t\/wp-content\/uploads\/2025\/03\/IMGP5862.jpg 1300w, https:\/\/wgphoto.pl\/t\/wp-content\/uploads\/2025\/03\/IMGP5862-300x199.jpg 300w, https:\/\/wgphoto.pl\/t\/wp-content\/uploads\/2025\/03\/IMGP5862-768x509.jpg 768w\" sizes=\"auto, (max-width: 1300px) 100vw, 1300px\" \/><\/figure>\n\n\n\n<div class=\"wp-block-group has-global-padding is-layout-constrained wp-block-group-is-layout-constrained\">\n<p>Waltershausen, Albrechtstra\u00dfe. Sz\u00f3stka liczy zaledwie 5 przystank\u00f3w (razem z ko\u0144cowymi), na pokonanie kt\u00f3rych wystarcza 7 minut, a nawet mniej (wszyscy tutaj je\u017cd\u017c\u0105 przed czasem!). Aby wyeliminowa\u0107 tr\u00f3jk\u0105towanie na tr\u00f3jk\u0105cie, do jej obs\u0142ugi wystawiana jest jedna z dw\u00f3ch specjalnie w tym celu przebudowanych kat\u00f3wek z kabinami na obu ko\u0144cach, lecz drzwiami tylko po jednej stronie. 2016-08-14<\/p>\n<\/div>\n","protected":false},"excerpt":{"rendered":"<p>Waltershausen, Albrechtstra\u00dfe. Sz\u00f3stka liczy zaledwie 5 przystank\u00f3w (razem z ko\u0144cowymi), na pokonanie kt\u00f3rych wystarcza 7 minut, a nawet mniej (wszyscy tutaj je\u017cd\u017c\u0105 przed czasem!). Aby wyeliminowa\u0107 tr\u00f3jk\u0105towanie na tr\u00f3jk\u0105cie, do jej obs\u0142ugi wystawiana jest jedna z dw\u00f3ch specjalnie w tym celu przebudowanych kat\u00f3wek z kabinami na obu ko\u0144cach, lecz drzwiami tylko po jednej stronie. 2016-08-14<\/p>\n","protected":false},"author":1,"featured_media":13948,"comment_status":"open","ping_status":"","sticky":false,"template":"","format":"standard","meta":{"footnotes":""},"categories":[125,3],"tags":[1962,1961,23,33,561,1960,3391],"class_list":["post-13947","post","type-post","status-publish","format-standard","has-post-thumbnail","hentry","category-rok-2016","category-tramwaj","tag-2016-08-14","tag-gotha","tag-niemcy","tag-tatra-kt4","tag-tramwaj-podmiejski","tag-twsb-gotha","tag-waltershausen"],"_links":{"self":[{"href":"https:\/\/wgphoto.pl\/t\/index.php?rest_route=\/wp\/v2\/posts\/13947","targetHints":{"allow":["GET"]}}],"collection":[{"href":"https:\/\/wgphoto.pl\/t\/index.php?rest_route=\/wp\/v2\/posts"}],"about":[{"href":"https:\/\/wgphoto.pl\/t\/index.php?rest_route=\/wp\/v2\/types\/post"}],"author":[{"embeddable":true,"href":"https:\/\/wgphoto.pl\/t\/index.php?rest_route=\/wp\/v2\/users\/1"}],"replies":[{"embeddable":true,"href":"https:\/\/wgphoto.pl\/t\/index.php?rest_route=%2Fwp%2Fv2%2Fcomments&post=13947"}],"version-history":[{"count":1,"href":"https:\/\/wgphoto.pl\/t\/index.php?rest_route=\/wp\/v2\/posts\/13947\/revisions"}],"predecessor-version":[{"id":13949,"href":"https:\/\/wgphoto.pl\/t\/index.php?rest_route=\/wp\/v2\/posts\/13947\/revisions\/13949"}],"wp:featuredmedia":[{"embeddable":true,"href":"https:\/\/wgphoto.pl\/t\/index.php?rest_route=\/wp\/v2\/media\/13948"}],"wp:attachment":[{"href":"https:\/\/wgphoto.pl\/t\/index.php?rest_route=%2Fwp%2Fv2%2Fmedia&parent=13947"}],"wp:term":[{"taxonomy":"category","embeddable":true,"href":"https:\/\/wgphoto.pl\/t\/index.php?rest_route=%2Fwp%2Fv2%2Fcategories&post=13947"},{"taxonomy":"post_tag","embeddable":true,"href":"https:\/\/wgphoto.pl\/t\/index.php?rest_route=%2Fwp%2Fv2%2Ftags&post=13947"}],"curies":[{"name":"wp","href":"https:\/\/api.w.org\/{rel}","templated":true}]}}