{"id":13953,"date":"2025-03-07T23:16:22","date_gmt":"2025-03-07T22:16:22","guid":{"rendered":"https:\/\/wgphoto.pl\/t\/?p=13953"},"modified":"2025-03-07T23:16:22","modified_gmt":"2025-03-07T22:16:22","slug":"mandarynki","status":"publish","type":"post","link":"https:\/\/wgphoto.pl\/t\/?p=13953","title":{"rendered":"Mandarynki"},"content":{"rendered":"\n<figure class=\"wp-block-image aligncenter size-full\"><img loading=\"lazy\" decoding=\"async\" width=\"603\" height=\"900\" src=\"https:\/\/wgphoto.pl\/t\/wp-content\/uploads\/2025\/03\/IMGP1417.jpg\" alt=\"\" class=\"wp-image-13954\" srcset=\"https:\/\/wgphoto.pl\/t\/wp-content\/uploads\/2025\/03\/IMGP1417.jpg 603w, https:\/\/wgphoto.pl\/t\/wp-content\/uploads\/2025\/03\/IMGP1417-201x300.jpg 201w\" sizes=\"auto, (max-width: 603px) 100vw, 603px\" \/><\/figure>\n\n\n\n<div class=\"wp-block-group has-global-padding is-layout-constrained wp-block-group-is-layout-constrained\">\n<p>Walencja, Avinguda dels Tarongers. Istniej\u0105 takie rejony \u015bwiata, gdzie na Miko\u0142aja mandarynki spadaj\u0105 z drzew. 2012-12-06<\/p>\n<\/div>\n","protected":false},"excerpt":{"rendered":"<p>Walencja, Avinguda dels Tarongers. Istniej\u0105 takie rejony \u015bwiata, gdzie na Miko\u0142aja mandarynki spadaj\u0105 z drzew. 2012-12-06<\/p>\n","protected":false},"author":1,"featured_media":13954,"comment_status":"open","ping_status":"","sticky":false,"template":"","format":"standard","meta":{"footnotes":""},"categories":[128,46,3],"tags":[862,863,159,1113,861],"class_list":["post-13953","post","type-post","status-publish","format-standard","has-post-thumbnail","hentry","category-pionowe","category-rok-2012","category-tramwaj","tag-2012-12-06","tag-fgv-valencia","tag-hiszpania","tag-roslinnosc","tag-walencja"],"_links":{"self":[{"href":"https:\/\/wgphoto.pl\/t\/index.php?rest_route=\/wp\/v2\/posts\/13953","targetHints":{"allow":["GET"]}}],"collection":[{"href":"https:\/\/wgphoto.pl\/t\/index.php?rest_route=\/wp\/v2\/posts"}],"about":[{"href":"https:\/\/wgphoto.pl\/t\/index.php?rest_route=\/wp\/v2\/types\/post"}],"author":[{"embeddable":true,"href":"https:\/\/wgphoto.pl\/t\/index.php?rest_route=\/wp\/v2\/users\/1"}],"replies":[{"embeddable":true,"href":"https:\/\/wgphoto.pl\/t\/index.php?rest_route=%2Fwp%2Fv2%2Fcomments&post=13953"}],"version-history":[{"count":1,"href":"https:\/\/wgphoto.pl\/t\/index.php?rest_route=\/wp\/v2\/posts\/13953\/revisions"}],"predecessor-version":[{"id":13955,"href":"https:\/\/wgphoto.pl\/t\/index.php?rest_route=\/wp\/v2\/posts\/13953\/revisions\/13955"}],"wp:featuredmedia":[{"embeddable":true,"href":"https:\/\/wgphoto.pl\/t\/index.php?rest_route=\/wp\/v2\/media\/13954"}],"wp:attachment":[{"href":"https:\/\/wgphoto.pl\/t\/index.php?rest_route=%2Fwp%2Fv2%2Fmedia&parent=13953"}],"wp:term":[{"taxonomy":"category","embeddable":true,"href":"https:\/\/wgphoto.pl\/t\/index.php?rest_route=%2Fwp%2Fv2%2Fcategories&post=13953"},{"taxonomy":"post_tag","embeddable":true,"href":"https:\/\/wgphoto.pl\/t\/index.php?rest_route=%2Fwp%2Fv2%2Ftags&post=13953"}],"curies":[{"name":"wp","href":"https:\/\/api.w.org\/{rel}","templated":true}]}}