{"id":13956,"date":"2025-03-07T23:17:10","date_gmt":"2025-03-07T22:17:10","guid":{"rendered":"https:\/\/wgphoto.pl\/t\/?p=13956"},"modified":"2025-03-07T23:17:10","modified_gmt":"2025-03-07T22:17:10","slug":"kolczaste-tez-tu-maja","status":"publish","type":"post","link":"https:\/\/wgphoto.pl\/t\/?p=13956","title":{"rendered":"Kolczaste te\u017c tu maj\u0105"},"content":{"rendered":"\n<figure class=\"wp-block-image aligncenter size-full\"><img loading=\"lazy\" decoding=\"async\" width=\"1200\" height=\"803\" src=\"https:\/\/wgphoto.pl\/t\/wp-content\/uploads\/2025\/03\/IMGP1462.jpg\" alt=\"\" class=\"wp-image-13957\" srcset=\"https:\/\/wgphoto.pl\/t\/wp-content\/uploads\/2025\/03\/IMGP1462.jpg 1200w, https:\/\/wgphoto.pl\/t\/wp-content\/uploads\/2025\/03\/IMGP1462-300x201.jpg 300w, https:\/\/wgphoto.pl\/t\/wp-content\/uploads\/2025\/03\/IMGP1462-768x514.jpg 768w\" sizes=\"auto, (max-width: 1200px) 100vw, 1200px\" \/><\/figure>\n\n\n\n<div class=\"wp-block-group has-global-padding is-layout-constrained wp-block-group-is-layout-constrained\">\n<p>Wagon b\u0119d\u0105cy owocem wsp\u00f3\u0142pracy Siemensa z hiszpa\u0144skim CAF-em mija odga\u0142\u0119zienie do zajezdni. 2012-12-06<\/p>\n<\/div>\n","protected":false},"excerpt":{"rendered":"<p>Wagon b\u0119d\u0105cy owocem wsp\u00f3\u0142pracy Siemensa z hiszpa\u0144skim CAF-em mija odga\u0142\u0119zienie do zajezdni. 2012-12-06<\/p>\n","protected":false},"author":1,"featured_media":13957,"comment_status":"open","ping_status":"","sticky":false,"template":"","format":"standard","meta":{"footnotes":""},"categories":[46,3],"tags":[862,863,159,1113,861],"class_list":["post-13956","post","type-post","status-publish","format-standard","has-post-thumbnail","hentry","category-rok-2012","category-tramwaj","tag-2012-12-06","tag-fgv-valencia","tag-hiszpania","tag-roslinnosc","tag-walencja"],"_links":{"self":[{"href":"https:\/\/wgphoto.pl\/t\/index.php?rest_route=\/wp\/v2\/posts\/13956","targetHints":{"allow":["GET"]}}],"collection":[{"href":"https:\/\/wgphoto.pl\/t\/index.php?rest_route=\/wp\/v2\/posts"}],"about":[{"href":"https:\/\/wgphoto.pl\/t\/index.php?rest_route=\/wp\/v2\/types\/post"}],"author":[{"embeddable":true,"href":"https:\/\/wgphoto.pl\/t\/index.php?rest_route=\/wp\/v2\/users\/1"}],"replies":[{"embeddable":true,"href":"https:\/\/wgphoto.pl\/t\/index.php?rest_route=%2Fwp%2Fv2%2Fcomments&post=13956"}],"version-history":[{"count":1,"href":"https:\/\/wgphoto.pl\/t\/index.php?rest_route=\/wp\/v2\/posts\/13956\/revisions"}],"predecessor-version":[{"id":13958,"href":"https:\/\/wgphoto.pl\/t\/index.php?rest_route=\/wp\/v2\/posts\/13956\/revisions\/13958"}],"wp:featuredmedia":[{"embeddable":true,"href":"https:\/\/wgphoto.pl\/t\/index.php?rest_route=\/wp\/v2\/media\/13957"}],"wp:attachment":[{"href":"https:\/\/wgphoto.pl\/t\/index.php?rest_route=%2Fwp%2Fv2%2Fmedia&parent=13956"}],"wp:term":[{"taxonomy":"category","embeddable":true,"href":"https:\/\/wgphoto.pl\/t\/index.php?rest_route=%2Fwp%2Fv2%2Fcategories&post=13956"},{"taxonomy":"post_tag","embeddable":true,"href":"https:\/\/wgphoto.pl\/t\/index.php?rest_route=%2Fwp%2Fv2%2Ftags&post=13956"}],"curies":[{"name":"wp","href":"https:\/\/api.w.org\/{rel}","templated":true}]}}