{"id":13959,"date":"2025-03-07T23:18:46","date_gmt":"2025-03-07T22:18:46","guid":{"rendered":"https:\/\/wgphoto.pl\/t\/?p=13959"},"modified":"2025-03-07T23:18:46","modified_gmt":"2025-03-07T22:18:46","slug":"potrojna-okazja","status":"publish","type":"post","link":"https:\/\/wgphoto.pl\/t\/?p=13959","title":{"rendered":"Potr\u00f3jna okazja"},"content":{"rendered":"\n<figure class=\"wp-block-image aligncenter size-full\"><img loading=\"lazy\" decoding=\"async\" width=\"1200\" height=\"800\" src=\"https:\/\/wgphoto.pl\/t\/wp-content\/uploads\/2025\/03\/IMGP5587-1.jpg\" alt=\"\" class=\"wp-image-13960\" srcset=\"https:\/\/wgphoto.pl\/t\/wp-content\/uploads\/2025\/03\/IMGP5587-1.jpg 1200w, https:\/\/wgphoto.pl\/t\/wp-content\/uploads\/2025\/03\/IMGP5587-1-300x200.jpg 300w, https:\/\/wgphoto.pl\/t\/wp-content\/uploads\/2025\/03\/IMGP5587-1-768x512.jpg 768w\" sizes=\"auto, (max-width: 1200px) 100vw, 1200px\" \/><\/figure>\n\n\n\n<div class=\"wp-block-group has-global-padding is-layout-constrained wp-block-group-is-layout-constrained\">\n<p>Wroc\u0142aw, p\u0119tla Wroc\u0142awski Park Przemys\u0142owy przy ulicy Robotniczej. Wakacyjna delegacja na zajezdni\u0119 Borek sta\u0142a si\u0119 okazj\u0105 do przypomnienia sobie jazdy Protramami (trafi\u0142em na taki w\u00f3zek a\u017c trzy razy) oraz tras linii 11 i 23, na kt\u00f3rych \u0142\u0105czone zadania obs\u0142ugiwa\u0142y takie w\u0142a\u015bnie pojazdy. By\u0142a to r\u00f3wnie\u017c okazja do uczynienia zado\u015b\u0107 komentarzowi spod [jakiego\u015b starego zdj\u0119cia z pro\u015bb\u0105 o foto z poci\u0105giem]. 23.07.2016<\/p>\n<\/div>\n","protected":false},"excerpt":{"rendered":"<p>Wroc\u0142aw, p\u0119tla Wroc\u0142awski Park Przemys\u0142owy przy ulicy Robotniczej. Wakacyjna delegacja na zajezdni\u0119 Borek sta\u0142a si\u0119 okazj\u0105 do przypomnienia sobie jazdy Protramami (trafi\u0142em na taki w\u00f3zek a\u017c trzy razy) oraz tras linii 11 i 23, na kt\u00f3rych \u0142\u0105czone zadania obs\u0142ugiwa\u0142y takie w\u0142a\u015bnie pojazdy. By\u0142a to r\u00f3wnie\u017c okazja do uczynienia zado\u015b\u0107 komentarzowi spod [jakiego\u015b starego zdj\u0119cia z [&hellip;]<\/p>\n","protected":false},"author":1,"featured_media":13960,"comment_status":"open","ping_status":"","sticky":false,"template":"","format":"standard","meta":{"footnotes":""},"categories":[125,3],"tags":[3394,42,27,1096,939,439,90,41],"class_list":["post-13959","post","type-post","status-publish","format-standard","has-post-thumbnail","hentry","category-rok-2016","category-tramwaj","tag-2016-07-23","tag-mpk-wroclaw","tag-polska","tag-protram-205wras","tag-robotnicza","tag-we-fabryce","tag-wieczorem","tag-wroclaw"],"_links":{"self":[{"href":"https:\/\/wgphoto.pl\/t\/index.php?rest_route=\/wp\/v2\/posts\/13959","targetHints":{"allow":["GET"]}}],"collection":[{"href":"https:\/\/wgphoto.pl\/t\/index.php?rest_route=\/wp\/v2\/posts"}],"about":[{"href":"https:\/\/wgphoto.pl\/t\/index.php?rest_route=\/wp\/v2\/types\/post"}],"author":[{"embeddable":true,"href":"https:\/\/wgphoto.pl\/t\/index.php?rest_route=\/wp\/v2\/users\/1"}],"replies":[{"embeddable":true,"href":"https:\/\/wgphoto.pl\/t\/index.php?rest_route=%2Fwp%2Fv2%2Fcomments&post=13959"}],"version-history":[{"count":1,"href":"https:\/\/wgphoto.pl\/t\/index.php?rest_route=\/wp\/v2\/posts\/13959\/revisions"}],"predecessor-version":[{"id":13961,"href":"https:\/\/wgphoto.pl\/t\/index.php?rest_route=\/wp\/v2\/posts\/13959\/revisions\/13961"}],"wp:featuredmedia":[{"embeddable":true,"href":"https:\/\/wgphoto.pl\/t\/index.php?rest_route=\/wp\/v2\/media\/13960"}],"wp:attachment":[{"href":"https:\/\/wgphoto.pl\/t\/index.php?rest_route=%2Fwp%2Fv2%2Fmedia&parent=13959"}],"wp:term":[{"taxonomy":"category","embeddable":true,"href":"https:\/\/wgphoto.pl\/t\/index.php?rest_route=%2Fwp%2Fv2%2Fcategories&post=13959"},{"taxonomy":"post_tag","embeddable":true,"href":"https:\/\/wgphoto.pl\/t\/index.php?rest_route=%2Fwp%2Fv2%2Ftags&post=13959"}],"curies":[{"name":"wp","href":"https:\/\/api.w.org\/{rel}","templated":true}]}}