{"id":13962,"date":"2025-03-07T23:20:55","date_gmt":"2025-03-07T22:20:55","guid":{"rendered":"https:\/\/wgphoto.pl\/t\/?p=13962"},"modified":"2025-03-07T23:20:55","modified_gmt":"2025-03-07T22:20:55","slug":"prawie-jak-praga","status":"publish","type":"post","link":"https:\/\/wgphoto.pl\/t\/?p=13962","title":{"rendered":"Prawie jak Praga"},"content":{"rendered":"\n<figure class=\"wp-block-image aligncenter size-full\"><img loading=\"lazy\" decoding=\"async\" width=\"602\" height=\"900\" src=\"https:\/\/wgphoto.pl\/t\/wp-content\/uploads\/2025\/03\/IMGP5613_02.jpg\" alt=\"\" class=\"wp-image-13964\" srcset=\"https:\/\/wgphoto.pl\/t\/wp-content\/uploads\/2025\/03\/IMGP5613_02.jpg 602w, https:\/\/wgphoto.pl\/t\/wp-content\/uploads\/2025\/03\/IMGP5613_02-201x300.jpg 201w\" sizes=\"auto, (max-width: 602px) 100vw, 602px\" \/><\/figure>\n\n\n\n<div class=\"wp-block-group has-global-padding is-layout-constrained wp-block-group-is-layout-constrained\">\n<p>Ko\u015bci\u00f3\u0142 ledwo wystaj\u0105cy spo\u015br\u00f3d bujnej ro\u015blinno\u015bci nie przypomina miejscowych cerkwi &#8211; i s\u0142usznie, bo jest to \u015bwi\u0105tynia ewangelicka. Zadbana Tatra r\u00f3wnie\u017c si\u0119 raczej nie kojarzy z Ukrain\u0105. 06.08.2010<\/p>\n<\/div>\n","protected":false},"excerpt":{"rendered":"<p>Ko\u015bci\u00f3\u0142 ledwo wystaj\u0105cy spo\u015br\u00f3d bujnej ro\u015blinno\u015bci nie przypomina miejscowych cerkwi &#8211; i s\u0142usznie, bo jest to \u015bwi\u0105tynia ewangelicka. Zadbana Tatra r\u00f3wnie\u017c si\u0119 raczej nie kojarzy z Ukrain\u0105. 06.08.2010<\/p>\n","protected":false},"author":1,"featured_media":13964,"comment_status":"open","ping_status":"","sticky":false,"template":"","format":"standard","meta":{"footnotes":""},"categories":[128,86,3],"tags":[1632,1633,1011,453],"class_list":["post-13962","post","type-post","status-publish","format-standard","has-post-thumbnail","hentry","category-pionowe","category-rok-2010","category-tramwaj","tag-2010-08-06","tag-odessa","tag-tatra-t3","tag-ukraina"],"_links":{"self":[{"href":"https:\/\/wgphoto.pl\/t\/index.php?rest_route=\/wp\/v2\/posts\/13962","targetHints":{"allow":["GET"]}}],"collection":[{"href":"https:\/\/wgphoto.pl\/t\/index.php?rest_route=\/wp\/v2\/posts"}],"about":[{"href":"https:\/\/wgphoto.pl\/t\/index.php?rest_route=\/wp\/v2\/types\/post"}],"author":[{"embeddable":true,"href":"https:\/\/wgphoto.pl\/t\/index.php?rest_route=\/wp\/v2\/users\/1"}],"replies":[{"embeddable":true,"href":"https:\/\/wgphoto.pl\/t\/index.php?rest_route=%2Fwp%2Fv2%2Fcomments&post=13962"}],"version-history":[{"count":1,"href":"https:\/\/wgphoto.pl\/t\/index.php?rest_route=\/wp\/v2\/posts\/13962\/revisions"}],"predecessor-version":[{"id":13965,"href":"https:\/\/wgphoto.pl\/t\/index.php?rest_route=\/wp\/v2\/posts\/13962\/revisions\/13965"}],"wp:featuredmedia":[{"embeddable":true,"href":"https:\/\/wgphoto.pl\/t\/index.php?rest_route=\/wp\/v2\/media\/13964"}],"wp:attachment":[{"href":"https:\/\/wgphoto.pl\/t\/index.php?rest_route=%2Fwp%2Fv2%2Fmedia&parent=13962"}],"wp:term":[{"taxonomy":"category","embeddable":true,"href":"https:\/\/wgphoto.pl\/t\/index.php?rest_route=%2Fwp%2Fv2%2Fcategories&post=13962"},{"taxonomy":"post_tag","embeddable":true,"href":"https:\/\/wgphoto.pl\/t\/index.php?rest_route=%2Fwp%2Fv2%2Ftags&post=13962"}],"curies":[{"name":"wp","href":"https:\/\/api.w.org\/{rel}","templated":true}]}}