{"id":13969,"date":"2025-03-07T23:23:18","date_gmt":"2025-03-07T22:23:18","guid":{"rendered":"https:\/\/wgphoto.pl\/t\/?p=13969"},"modified":"2025-03-07T23:23:18","modified_gmt":"2025-03-07T22:23:18","slug":"tor-lapankowy","status":"publish","type":"post","link":"https:\/\/wgphoto.pl\/t\/?p=13969","title":{"rendered":"Tor \u0142apankowy"},"content":{"rendered":"\n<figure class=\"wp-block-image aligncenter size-full\"><img loading=\"lazy\" decoding=\"async\" width=\"1200\" height=\"795\" src=\"https:\/\/wgphoto.pl\/t\/wp-content\/uploads\/2025\/03\/IMGP1262-1.jpg\" alt=\"\" class=\"wp-image-13971\" srcset=\"https:\/\/wgphoto.pl\/t\/wp-content\/uploads\/2025\/03\/IMGP1262-1.jpg 1200w, https:\/\/wgphoto.pl\/t\/wp-content\/uploads\/2025\/03\/IMGP1262-1-300x199.jpg 300w, https:\/\/wgphoto.pl\/t\/wp-content\/uploads\/2025\/03\/IMGP1262-1-768x509.jpg 768w\" sizes=\"auto, (max-width: 1200px) 100vw, 1200px\" \/><\/figure>\n\n\n\n<div class=\"wp-block-group has-global-padding is-layout-constrained wp-block-group-is-layout-constrained\">\n<p>W Trie\u015bcie tu\u017c przed odcinkiem linowym znajduje si\u0119 przystanek handlowy, kt\u00f3rego peron dostrzec mo\u017cna po prawej, po\u0142\u0105czony z postojem technicznym. Mo\u017cna si\u0119 o tym przekona\u0107 gdy nie ma ch\u0119tnych do wsiadania ani wysiadania, przystanki na tej trasie realizowane s\u0105 bowiem na \u017c\u0105danie. Dopiero po pe\u0142nym zatrzymaniu zwrotnica jest przestawiana do jazdy w lewo. Wtedy tramwaj rusza i powoli doje\u017cd\u017ca do linowego holownika, widocznego obok znaku zakazu ruchu pieszego. 2015-08-15<\/p>\n<\/div>\n","protected":false},"excerpt":{"rendered":"<p>W Trie\u015bcie tu\u017c przed odcinkiem linowym znajduje si\u0119 przystanek handlowy, kt\u00f3rego peron dostrzec mo\u017cna po prawej, po\u0142\u0105czony z postojem technicznym. Mo\u017cna si\u0119 o tym przekona\u0107 gdy nie ma ch\u0119tnych do wsiadania ani wysiadania, przystanki na tej trasie realizowane s\u0105 bowiem na \u017c\u0105danie. Dopiero po pe\u0142nym zatrzymaniu zwrotnica jest przestawiana do jazdy w lewo. Wtedy tramwaj [&hellip;]<\/p>\n","protected":false},"author":1,"featured_media":13971,"comment_status":"open","ping_status":"","sticky":false,"template":"","format":"standard","meta":{"footnotes":""},"categories":[104,3],"tags":[115,230,111,1045,107,110],"class_list":["post-13969","post","type-post","status-publish","format-standard","has-post-thumbnail","hentry","category-rok-2015","category-tramwaj","tag-2015-08-15","tag-infrastruktura","tag-triest","tag-trieste-transporti","tag-wakacje-2015","tag-wlochy"],"_links":{"self":[{"href":"https:\/\/wgphoto.pl\/t\/index.php?rest_route=\/wp\/v2\/posts\/13969","targetHints":{"allow":["GET"]}}],"collection":[{"href":"https:\/\/wgphoto.pl\/t\/index.php?rest_route=\/wp\/v2\/posts"}],"about":[{"href":"https:\/\/wgphoto.pl\/t\/index.php?rest_route=\/wp\/v2\/types\/post"}],"author":[{"embeddable":true,"href":"https:\/\/wgphoto.pl\/t\/index.php?rest_route=\/wp\/v2\/users\/1"}],"replies":[{"embeddable":true,"href":"https:\/\/wgphoto.pl\/t\/index.php?rest_route=%2Fwp%2Fv2%2Fcomments&post=13969"}],"version-history":[{"count":1,"href":"https:\/\/wgphoto.pl\/t\/index.php?rest_route=\/wp\/v2\/posts\/13969\/revisions"}],"predecessor-version":[{"id":13972,"href":"https:\/\/wgphoto.pl\/t\/index.php?rest_route=\/wp\/v2\/posts\/13969\/revisions\/13972"}],"wp:featuredmedia":[{"embeddable":true,"href":"https:\/\/wgphoto.pl\/t\/index.php?rest_route=\/wp\/v2\/media\/13971"}],"wp:attachment":[{"href":"https:\/\/wgphoto.pl\/t\/index.php?rest_route=%2Fwp%2Fv2%2Fmedia&parent=13969"}],"wp:term":[{"taxonomy":"category","embeddable":true,"href":"https:\/\/wgphoto.pl\/t\/index.php?rest_route=%2Fwp%2Fv2%2Fcategories&post=13969"},{"taxonomy":"post_tag","embeddable":true,"href":"https:\/\/wgphoto.pl\/t\/index.php?rest_route=%2Fwp%2Fv2%2Ftags&post=13969"}],"curies":[{"name":"wp","href":"https:\/\/api.w.org\/{rel}","templated":true}]}}