{"id":13973,"date":"2025-03-07T23:24:45","date_gmt":"2025-03-07T22:24:45","guid":{"rendered":"https:\/\/wgphoto.pl\/t\/?p=13973"},"modified":"2025-03-07T23:24:45","modified_gmt":"2025-03-07T22:24:45","slug":"80-promili","status":"publish","type":"post","link":"https:\/\/wgphoto.pl\/t\/?p=13973","title":{"rendered":"80 promili"},"content":{"rendered":"\n<figure class=\"wp-block-image aligncenter size-full\"><img loading=\"lazy\" decoding=\"async\" width=\"1200\" height=\"795\" src=\"https:\/\/wgphoto.pl\/t\/wp-content\/uploads\/2025\/03\/IMGP9331.jpg\" alt=\"\" class=\"wp-image-13975\" srcset=\"https:\/\/wgphoto.pl\/t\/wp-content\/uploads\/2025\/03\/IMGP9331.jpg 1200w, https:\/\/wgphoto.pl\/t\/wp-content\/uploads\/2025\/03\/IMGP9331-300x199.jpg 300w, https:\/\/wgphoto.pl\/t\/wp-content\/uploads\/2025\/03\/IMGP9331-768x509.jpg 768w\" sizes=\"auto, (max-width: 1200px) 100vw, 1200px\" \/><\/figure>\n\n\n\n<div class=\"wp-block-group has-global-padding is-layout-constrained wp-block-group-is-layout-constrained\">\n<p>Pocz\u0105tek najwi\u0119kszego spadku na sieci praskich tramwaj\u00f3w &#8211; na ul. Trojskiej. Dawniej znajdowa\u0142 si\u0119 tu nakaz zatrzymania w celu pr\u00f3by hamulc\u00f3w, obecnie pozosta\u0142o tylko zwolnienie do 25 km\/h oraz co\u015b w rodzaju SBL-ki (na zdj\u0119ciu wida\u0107 trzy sygnalizatory). 2017-02-28<\/p>\n<\/div>\n","protected":false},"excerpt":{"rendered":"<p>Pocz\u0105tek najwi\u0119kszego spadku na sieci praskich tramwaj\u00f3w &#8211; na ul. Trojskiej. Dawniej znajdowa\u0142 si\u0119 tu nakaz zatrzymania w celu pr\u00f3by hamulc\u00f3w, obecnie pozosta\u0142o tylko zwolnienie do 25 km\/h oraz co\u015b w rodzaju SBL-ki (na zdj\u0119ciu wida\u0107 trzy sygnalizatory). 2017-02-28<\/p>\n","protected":false},"author":1,"featured_media":13975,"comment_status":"open","ping_status":"","sticky":false,"template":"","format":"standard","meta":{"footnotes":""},"categories":[220,368,3],"tags":[1929,49,230,118,52],"class_list":["post-13973","post","type-post","status-publish","format-standard","has-post-thumbnail","hentry","category-blo","category-rok-2017","category-tramwaj","tag-2017-02-28","tag-czechy","tag-infrastruktura","tag-plany-i-profile","tag-praga"],"_links":{"self":[{"href":"https:\/\/wgphoto.pl\/t\/index.php?rest_route=\/wp\/v2\/posts\/13973","targetHints":{"allow":["GET"]}}],"collection":[{"href":"https:\/\/wgphoto.pl\/t\/index.php?rest_route=\/wp\/v2\/posts"}],"about":[{"href":"https:\/\/wgphoto.pl\/t\/index.php?rest_route=\/wp\/v2\/types\/post"}],"author":[{"embeddable":true,"href":"https:\/\/wgphoto.pl\/t\/index.php?rest_route=\/wp\/v2\/users\/1"}],"replies":[{"embeddable":true,"href":"https:\/\/wgphoto.pl\/t\/index.php?rest_route=%2Fwp%2Fv2%2Fcomments&post=13973"}],"version-history":[{"count":1,"href":"https:\/\/wgphoto.pl\/t\/index.php?rest_route=\/wp\/v2\/posts\/13973\/revisions"}],"predecessor-version":[{"id":13976,"href":"https:\/\/wgphoto.pl\/t\/index.php?rest_route=\/wp\/v2\/posts\/13973\/revisions\/13976"}],"wp:featuredmedia":[{"embeddable":true,"href":"https:\/\/wgphoto.pl\/t\/index.php?rest_route=\/wp\/v2\/media\/13975"}],"wp:attachment":[{"href":"https:\/\/wgphoto.pl\/t\/index.php?rest_route=%2Fwp%2Fv2%2Fmedia&parent=13973"}],"wp:term":[{"taxonomy":"category","embeddable":true,"href":"https:\/\/wgphoto.pl\/t\/index.php?rest_route=%2Fwp%2Fv2%2Fcategories&post=13973"},{"taxonomy":"post_tag","embeddable":true,"href":"https:\/\/wgphoto.pl\/t\/index.php?rest_route=%2Fwp%2Fv2%2Ftags&post=13973"}],"curies":[{"name":"wp","href":"https:\/\/api.w.org\/{rel}","templated":true}]}}