{"id":13977,"date":"2025-03-07T23:25:47","date_gmt":"2025-03-07T22:25:47","guid":{"rendered":"https:\/\/wgphoto.pl\/t\/?p=13977"},"modified":"2025-03-07T23:25:47","modified_gmt":"2025-03-07T22:25:47","slug":"pod-gore-bez-ograniczen","status":"publish","type":"post","link":"https:\/\/wgphoto.pl\/t\/?p=13977","title":{"rendered":"Pod g\u00f3r\u0119 bez ogranicze\u0144"},"content":{"rendered":"\n<figure class=\"wp-block-image aligncenter size-full\"><img loading=\"lazy\" decoding=\"async\" width=\"1200\" height=\"795\" src=\"https:\/\/wgphoto.pl\/t\/wp-content\/uploads\/2025\/03\/IMGP9337.jpg\" alt=\"\" class=\"wp-image-13978\" srcset=\"https:\/\/wgphoto.pl\/t\/wp-content\/uploads\/2025\/03\/IMGP9337.jpg 1200w, https:\/\/wgphoto.pl\/t\/wp-content\/uploads\/2025\/03\/IMGP9337-300x199.jpg 300w, https:\/\/wgphoto.pl\/t\/wp-content\/uploads\/2025\/03\/IMGP9337-768x509.jpg 768w\" sizes=\"auto, (max-width: 1200px) 100vw, 1200px\" \/><\/figure>\n\n\n\n<div class=\"wp-block-group has-global-padding is-layout-constrained wp-block-group-is-layout-constrained\">\n<p>Dla kierunku jazdy pod g\u00f3r\u0119 nie obowi\u0105zuj\u0105 \u017cadne ograniczenia ani nie ma sygnalizacji, z wyj\u0105tkiem wzbudzanej przez tramwaj przy wje\u017adzie na jezdni\u0119. Motorniczowie cisn\u0105 wi\u0119c ile fabryka da\u0142a (a nie \u017ca\u0142owa\u0142a mocy), dlatego w trybie seryjnym nie trafi\u0142em lustrem mi\u0119dzy latarnie. \ud83d\ude09 Bardzo sympatyczne miejsce, tylko ci\u0119\u017cko tu o sensowny kadr ze wzgl\u0119du na las s\u0142up\u00f3w i latar\u0144 mi\u0119dzy torowiskiem a jezdni\u0105. 28.02.2017<\/p>\n<\/div>\n","protected":false},"excerpt":{"rendered":"<p>Dla kierunku jazdy pod g\u00f3r\u0119 nie obowi\u0105zuj\u0105 \u017cadne ograniczenia ani nie ma sygnalizacji, z wyj\u0105tkiem wzbudzanej przez tramwaj przy wje\u017adzie na jezdni\u0119. Motorniczowie cisn\u0105 wi\u0119c ile fabryka da\u0142a (a nie \u017ca\u0142owa\u0142a mocy), dlatego w trybie seryjnym nie trafi\u0142em lustrem mi\u0119dzy latarnie. \ud83d\ude09 Bardzo sympatyczne miejsce, tylko ci\u0119\u017cko tu o sensowny kadr ze wzgl\u0119du na las [&hellip;]<\/p>\n","protected":false},"author":1,"featured_media":13978,"comment_status":"open","ping_status":"","sticky":false,"template":"","format":"standard","meta":{"footnotes":""},"categories":[368,3],"tags":[1929,49,1049,118,52,1011],"class_list":["post-13977","post","type-post","status-publish","format-standard","has-post-thumbnail","hentry","category-rok-2017","category-tramwaj","tag-2017-02-28","tag-czechy","tag-dp-praha","tag-plany-i-profile","tag-praga","tag-tatra-t3"],"_links":{"self":[{"href":"https:\/\/wgphoto.pl\/t\/index.php?rest_route=\/wp\/v2\/posts\/13977","targetHints":{"allow":["GET"]}}],"collection":[{"href":"https:\/\/wgphoto.pl\/t\/index.php?rest_route=\/wp\/v2\/posts"}],"about":[{"href":"https:\/\/wgphoto.pl\/t\/index.php?rest_route=\/wp\/v2\/types\/post"}],"author":[{"embeddable":true,"href":"https:\/\/wgphoto.pl\/t\/index.php?rest_route=\/wp\/v2\/users\/1"}],"replies":[{"embeddable":true,"href":"https:\/\/wgphoto.pl\/t\/index.php?rest_route=%2Fwp%2Fv2%2Fcomments&post=13977"}],"version-history":[{"count":1,"href":"https:\/\/wgphoto.pl\/t\/index.php?rest_route=\/wp\/v2\/posts\/13977\/revisions"}],"predecessor-version":[{"id":13979,"href":"https:\/\/wgphoto.pl\/t\/index.php?rest_route=\/wp\/v2\/posts\/13977\/revisions\/13979"}],"wp:featuredmedia":[{"embeddable":true,"href":"https:\/\/wgphoto.pl\/t\/index.php?rest_route=\/wp\/v2\/media\/13978"}],"wp:attachment":[{"href":"https:\/\/wgphoto.pl\/t\/index.php?rest_route=%2Fwp%2Fv2%2Fmedia&parent=13977"}],"wp:term":[{"taxonomy":"category","embeddable":true,"href":"https:\/\/wgphoto.pl\/t\/index.php?rest_route=%2Fwp%2Fv2%2Fcategories&post=13977"},{"taxonomy":"post_tag","embeddable":true,"href":"https:\/\/wgphoto.pl\/t\/index.php?rest_route=%2Fwp%2Fv2%2Ftags&post=13977"}],"curies":[{"name":"wp","href":"https:\/\/api.w.org\/{rel}","templated":true}]}}