{"id":13980,"date":"2025-03-07T23:26:44","date_gmt":"2025-03-07T22:26:44","guid":{"rendered":"https:\/\/wgphoto.pl\/t\/?p=13980"},"modified":"2025-03-07T23:26:44","modified_gmt":"2025-03-07T22:26:44","slug":"nauka-jazdy-pod-gore","status":"publish","type":"post","link":"https:\/\/wgphoto.pl\/t\/?p=13980","title":{"rendered":"Nauka jazdy pod g\u00f3r\u0119"},"content":{"rendered":"\n<figure class=\"wp-block-image aligncenter size-full\"><img loading=\"lazy\" decoding=\"async\" width=\"600\" height=\"906\" src=\"https:\/\/wgphoto.pl\/t\/wp-content\/uploads\/2025\/03\/IMGP9343.jpg\" alt=\"\" class=\"wp-image-13981\" srcset=\"https:\/\/wgphoto.pl\/t\/wp-content\/uploads\/2025\/03\/IMGP9343.jpg 600w, https:\/\/wgphoto.pl\/t\/wp-content\/uploads\/2025\/03\/IMGP9343-199x300.jpg 199w\" sizes=\"auto, (max-width: 600px) 100vw, 600px\" \/><\/figure>\n\n\n\n<div class=\"wp-block-group has-global-padding is-layout-constrained wp-block-group-is-layout-constrained\">\n<p>Praga, ul. Trojsk\u00e1. Mlad\u00edk \u0107wiczy podjazd pod g\u00f3r\u0119. Niestety s\u0142o\u0144ce nie chcia\u0142o wsp\u00f3\u0142pracowa\u0107, a szkoda, bo o\u015bwietlone t\u0142o par\u0119 minut wcze\u015bniej prezentowa\u0142o si\u0119 bardzo efektownie. 28.02.2017<\/p>\n<\/div>\n","protected":false},"excerpt":{"rendered":"<p>Praga, ul. Trojsk\u00e1. Mlad\u00edk \u0107wiczy podjazd pod g\u00f3r\u0119. Niestety s\u0142o\u0144ce nie chcia\u0142o wsp\u00f3\u0142pracowa\u0107, a szkoda, bo o\u015bwietlone t\u0142o par\u0119 minut wcze\u015bniej prezentowa\u0142o si\u0119 bardzo efektownie. 28.02.2017<\/p>\n","protected":false},"author":1,"featured_media":13981,"comment_status":"open","ping_status":"","sticky":false,"template":"","format":"standard","meta":{"footnotes":""},"categories":[128,368,3],"tags":[1929,49,1049,118,52,1011],"class_list":["post-13980","post","type-post","status-publish","format-standard","has-post-thumbnail","hentry","category-pionowe","category-rok-2017","category-tramwaj","tag-2017-02-28","tag-czechy","tag-dp-praha","tag-plany-i-profile","tag-praga","tag-tatra-t3"],"_links":{"self":[{"href":"https:\/\/wgphoto.pl\/t\/index.php?rest_route=\/wp\/v2\/posts\/13980","targetHints":{"allow":["GET"]}}],"collection":[{"href":"https:\/\/wgphoto.pl\/t\/index.php?rest_route=\/wp\/v2\/posts"}],"about":[{"href":"https:\/\/wgphoto.pl\/t\/index.php?rest_route=\/wp\/v2\/types\/post"}],"author":[{"embeddable":true,"href":"https:\/\/wgphoto.pl\/t\/index.php?rest_route=\/wp\/v2\/users\/1"}],"replies":[{"embeddable":true,"href":"https:\/\/wgphoto.pl\/t\/index.php?rest_route=%2Fwp%2Fv2%2Fcomments&post=13980"}],"version-history":[{"count":1,"href":"https:\/\/wgphoto.pl\/t\/index.php?rest_route=\/wp\/v2\/posts\/13980\/revisions"}],"predecessor-version":[{"id":13982,"href":"https:\/\/wgphoto.pl\/t\/index.php?rest_route=\/wp\/v2\/posts\/13980\/revisions\/13982"}],"wp:featuredmedia":[{"embeddable":true,"href":"https:\/\/wgphoto.pl\/t\/index.php?rest_route=\/wp\/v2\/media\/13981"}],"wp:attachment":[{"href":"https:\/\/wgphoto.pl\/t\/index.php?rest_route=%2Fwp%2Fv2%2Fmedia&parent=13980"}],"wp:term":[{"taxonomy":"category","embeddable":true,"href":"https:\/\/wgphoto.pl\/t\/index.php?rest_route=%2Fwp%2Fv2%2Fcategories&post=13980"},{"taxonomy":"post_tag","embeddable":true,"href":"https:\/\/wgphoto.pl\/t\/index.php?rest_route=%2Fwp%2Fv2%2Ftags&post=13980"}],"curies":[{"name":"wp","href":"https:\/\/api.w.org\/{rel}","templated":true}]}}