{"id":13983,"date":"2025-03-07T23:27:42","date_gmt":"2025-03-07T22:27:42","guid":{"rendered":"https:\/\/wgphoto.pl\/t\/?p=13983"},"modified":"2025-03-07T23:27:42","modified_gmt":"2025-03-07T22:27:42","slug":"66-promili","status":"publish","type":"post","link":"https:\/\/wgphoto.pl\/t\/?p=13983","title":{"rendered":"66 promili"},"content":{"rendered":"\n<figure class=\"wp-block-image aligncenter size-full\"><img loading=\"lazy\" decoding=\"async\" width=\"1200\" height=\"795\" src=\"https:\/\/wgphoto.pl\/t\/wp-content\/uploads\/2025\/03\/IMGP9450.jpg\" alt=\"\" class=\"wp-image-13984\" srcset=\"https:\/\/wgphoto.pl\/t\/wp-content\/uploads\/2025\/03\/IMGP9450.jpg 1200w, https:\/\/wgphoto.pl\/t\/wp-content\/uploads\/2025\/03\/IMGP9450-300x199.jpg 300w, https:\/\/wgphoto.pl\/t\/wp-content\/uploads\/2025\/03\/IMGP9450-768x509.jpg 768w\" sizes=\"auto, (max-width: 1200px) 100vw, 1200px\" \/><\/figure>\n\n\n\n<div class=\"wp-block-group has-global-padding is-layout-constrained wp-block-group-is-layout-constrained\">\n<p>Charakterystycznym punktem trasy przez Krejc\u00e1rek opr\u00f3cz estakady jest r\u00f3wnie\u017c pochylenie pod\u0142u\u017cne si\u0119gaj\u0105ce 66\u2030, pozwalaj\u0105ce na pokonanie przewy\u017cszenia rz\u0119du 25 metr\u00f3w. Kolejne 25 metr\u00f3w tramwaj wspina si\u0119 jad\u0105c po estakadzie oraz przed ni\u0105. 28.02.2017<\/p>\n<\/div>\n","protected":false},"excerpt":{"rendered":"<p>Charakterystycznym punktem trasy przez Krejc\u00e1rek opr\u00f3cz estakady jest r\u00f3wnie\u017c pochylenie pod\u0142u\u017cne si\u0119gaj\u0105ce 66\u2030, pozwalaj\u0105ce na pokonanie przewy\u017cszenia rz\u0119du 25 metr\u00f3w. Kolejne 25 metr\u00f3w tramwaj wspina si\u0119 jad\u0105c po estakadzie oraz przed ni\u0105. 28.02.2017<\/p>\n","protected":false},"author":1,"featured_media":13984,"comment_status":"open","ping_status":"","sticky":false,"template":"","format":"standard","meta":{"footnotes":""},"categories":[368,3],"tags":[1929,49,1049,118,52,1011],"class_list":["post-13983","post","type-post","status-publish","format-standard","has-post-thumbnail","hentry","category-rok-2017","category-tramwaj","tag-2017-02-28","tag-czechy","tag-dp-praha","tag-plany-i-profile","tag-praga","tag-tatra-t3"],"_links":{"self":[{"href":"https:\/\/wgphoto.pl\/t\/index.php?rest_route=\/wp\/v2\/posts\/13983","targetHints":{"allow":["GET"]}}],"collection":[{"href":"https:\/\/wgphoto.pl\/t\/index.php?rest_route=\/wp\/v2\/posts"}],"about":[{"href":"https:\/\/wgphoto.pl\/t\/index.php?rest_route=\/wp\/v2\/types\/post"}],"author":[{"embeddable":true,"href":"https:\/\/wgphoto.pl\/t\/index.php?rest_route=\/wp\/v2\/users\/1"}],"replies":[{"embeddable":true,"href":"https:\/\/wgphoto.pl\/t\/index.php?rest_route=%2Fwp%2Fv2%2Fcomments&post=13983"}],"version-history":[{"count":1,"href":"https:\/\/wgphoto.pl\/t\/index.php?rest_route=\/wp\/v2\/posts\/13983\/revisions"}],"predecessor-version":[{"id":13985,"href":"https:\/\/wgphoto.pl\/t\/index.php?rest_route=\/wp\/v2\/posts\/13983\/revisions\/13985"}],"wp:featuredmedia":[{"embeddable":true,"href":"https:\/\/wgphoto.pl\/t\/index.php?rest_route=\/wp\/v2\/media\/13984"}],"wp:attachment":[{"href":"https:\/\/wgphoto.pl\/t\/index.php?rest_route=%2Fwp%2Fv2%2Fmedia&parent=13983"}],"wp:term":[{"taxonomy":"category","embeddable":true,"href":"https:\/\/wgphoto.pl\/t\/index.php?rest_route=%2Fwp%2Fv2%2Fcategories&post=13983"},{"taxonomy":"post_tag","embeddable":true,"href":"https:\/\/wgphoto.pl\/t\/index.php?rest_route=%2Fwp%2Fv2%2Ftags&post=13983"}],"curies":[{"name":"wp","href":"https:\/\/api.w.org\/{rel}","templated":true}]}}