{"id":13992,"date":"2025-03-07T23:30:49","date_gmt":"2025-03-07T22:30:49","guid":{"rendered":"https:\/\/wgphoto.pl\/t\/?p=13992"},"modified":"2025-03-07T23:30:49","modified_gmt":"2025-03-07T22:30:49","slug":"klatka","status":"publish","type":"post","link":"https:\/\/wgphoto.pl\/t\/?p=13992","title":{"rendered":"Klatka"},"content":{"rendered":"\n<figure class=\"wp-block-image aligncenter size-full\"><img loading=\"lazy\" decoding=\"async\" width=\"1200\" height=\"795\" src=\"https:\/\/wgphoto.pl\/t\/wp-content\/uploads\/2025\/03\/IMGP9456.jpg\" alt=\"\" class=\"wp-image-13993\" srcset=\"https:\/\/wgphoto.pl\/t\/wp-content\/uploads\/2025\/03\/IMGP9456.jpg 1200w, https:\/\/wgphoto.pl\/t\/wp-content\/uploads\/2025\/03\/IMGP9456-300x199.jpg 300w, https:\/\/wgphoto.pl\/t\/wp-content\/uploads\/2025\/03\/IMGP9456-768x509.jpg 768w\" sizes=\"auto, (max-width: 1200px) 100vw, 1200px\" \/><\/figure>\n\n\n\n<div class=\"wp-block-group has-global-padding is-layout-constrained wp-block-group-is-layout-constrained\">\n<p>Zmodernizowane Tatry T3 z rozruchem tyrystorowym mo\u017cna w Pradze rozpozna\u0107 po charakterystycznej &#8222;klatce&#8221; na dachu. Wagony ze zdj\u0119cia, reprezentuj\u0105ce rzadki typ T3M2-DVC, s\u0105 dodatkowo najm\u0142odszymi &#8222;tetr\u00f3jkami&#8221; w Pradze. W 1996 roku, gdy w zak\u0142adach \u010cKD produkowano ju\u017c zasadniczo wozy rodziny T6, zam\u00f3wiono jeszcze 18 pude\u0142 starszego typu, kt\u00f3re w miejscowych warsztatach naprawczych wyposa\u017cono w pochodz\u0105c\u0105 z kasowanych wagon\u00f3w elektryk\u0119 starsz\u0105 o 15-20 lat(!), lecz wci\u0105\u017c ca\u0142kiem nowoczesn\u0105, bo opart\u0105 o tyrystory.<br>Zestaw 8015+8063 p\u0119dzi tras\u0105 \u0142\u0105cz\u0105c\u0105 Palmovk\u0119 z \u017di\u017ekovem przez widoczn\u0105 w tle estakad\u0119. 28.02.2017<\/p>\n<\/div>\n","protected":false},"excerpt":{"rendered":"<p>Zmodernizowane Tatry T3 z rozruchem tyrystorowym mo\u017cna w Pradze rozpozna\u0107 po charakterystycznej &#8222;klatce&#8221; na dachu. Wagony ze zdj\u0119cia, reprezentuj\u0105ce rzadki typ T3M2-DVC, s\u0105 dodatkowo najm\u0142odszymi &#8222;tetr\u00f3jkami&#8221; w Pradze. W 1996 roku, gdy w zak\u0142adach \u010cKD produkowano ju\u017c zasadniczo wozy rodziny T6, zam\u00f3wiono jeszcze 18 pude\u0142 starszego typu, kt\u00f3re w miejscowych warsztatach naprawczych wyposa\u017cono w pochodz\u0105c\u0105 [&hellip;]<\/p>\n","protected":false},"author":1,"featured_media":13993,"comment_status":"open","ping_status":"","sticky":false,"template":"","format":"standard","meta":{"footnotes":""},"categories":[368,3],"tags":[1929,49,1049,113,52,1011],"class_list":["post-13992","post","type-post","status-publish","format-standard","has-post-thumbnail","hentry","category-rok-2017","category-tramwaj","tag-2017-02-28","tag-czechy","tag-dp-praha","tag-landszaft","tag-praga","tag-tatra-t3"],"_links":{"self":[{"href":"https:\/\/wgphoto.pl\/t\/index.php?rest_route=\/wp\/v2\/posts\/13992","targetHints":{"allow":["GET"]}}],"collection":[{"href":"https:\/\/wgphoto.pl\/t\/index.php?rest_route=\/wp\/v2\/posts"}],"about":[{"href":"https:\/\/wgphoto.pl\/t\/index.php?rest_route=\/wp\/v2\/types\/post"}],"author":[{"embeddable":true,"href":"https:\/\/wgphoto.pl\/t\/index.php?rest_route=\/wp\/v2\/users\/1"}],"replies":[{"embeddable":true,"href":"https:\/\/wgphoto.pl\/t\/index.php?rest_route=%2Fwp%2Fv2%2Fcomments&post=13992"}],"version-history":[{"count":1,"href":"https:\/\/wgphoto.pl\/t\/index.php?rest_route=\/wp\/v2\/posts\/13992\/revisions"}],"predecessor-version":[{"id":13994,"href":"https:\/\/wgphoto.pl\/t\/index.php?rest_route=\/wp\/v2\/posts\/13992\/revisions\/13994"}],"wp:featuredmedia":[{"embeddable":true,"href":"https:\/\/wgphoto.pl\/t\/index.php?rest_route=\/wp\/v2\/media\/13993"}],"wp:attachment":[{"href":"https:\/\/wgphoto.pl\/t\/index.php?rest_route=%2Fwp%2Fv2%2Fmedia&parent=13992"}],"wp:term":[{"taxonomy":"category","embeddable":true,"href":"https:\/\/wgphoto.pl\/t\/index.php?rest_route=%2Fwp%2Fv2%2Fcategories&post=13992"},{"taxonomy":"post_tag","embeddable":true,"href":"https:\/\/wgphoto.pl\/t\/index.php?rest_route=%2Fwp%2Fv2%2Ftags&post=13992"}],"curies":[{"name":"wp","href":"https:\/\/api.w.org\/{rel}","templated":true}]}}