{"id":13995,"date":"2025-03-07T23:31:52","date_gmt":"2025-03-07T22:31:52","guid":{"rendered":"https:\/\/wgphoto.pl\/t\/?p=13995"},"modified":"2025-03-07T23:31:52","modified_gmt":"2025-03-07T22:31:52","slug":"kobylisy","status":"publish","type":"post","link":"https:\/\/wgphoto.pl\/t\/?p=13995","title":{"rendered":"Kobylisy"},"content":{"rendered":"\n<figure class=\"wp-block-image aligncenter size-full\"><img loading=\"lazy\" decoding=\"async\" width=\"1200\" height=\"795\" src=\"https:\/\/wgphoto.pl\/t\/wp-content\/uploads\/2025\/03\/IMGP9325.jpg\" alt=\"\" class=\"wp-image-13996\" srcset=\"https:\/\/wgphoto.pl\/t\/wp-content\/uploads\/2025\/03\/IMGP9325.jpg 1200w, https:\/\/wgphoto.pl\/t\/wp-content\/uploads\/2025\/03\/IMGP9325-300x199.jpg 300w, https:\/\/wgphoto.pl\/t\/wp-content\/uploads\/2025\/03\/IMGP9325-768x509.jpg 768w\" sizes=\"auto, (max-width: 1200px) 100vw, 1200px\" \/><\/figure>\n\n\n\n<div class=\"wp-block-group has-global-padding is-layout-constrained wp-block-group-is-layout-constrained\">\n<p>Praga, ul. Klapkova. \u0160koda o poranku wspina si\u0119 na &#8222;g\u00f3rny taras&#8221; Kobylis, gdzie zlokalizowano m.in. p\u0119tl\u0119 i zajezdni\u0119 tramwajow\u0105. Stercza\u0142em tu chyba z p\u00f3\u0142 godziny (przy tramwaju przeje\u017cd\u017caj\u0105cym co 7,5 minuty) i czystszego uj\u0119cia nie uda\u0142o mi si\u0119 pope\u0142ni\u0107, wi\u0119c musicie przebole\u0107 tego typa z prawej. \ud83d\ude09 28.02.2017<\/p>\n<\/div>\n","protected":false},"excerpt":{"rendered":"<p>Praga, ul. Klapkova. \u0160koda o poranku wspina si\u0119 na &#8222;g\u00f3rny taras&#8221; Kobylis, gdzie zlokalizowano m.in. p\u0119tl\u0119 i zajezdni\u0119 tramwajow\u0105. Stercza\u0142em tu chyba z p\u00f3\u0142 godziny (przy tramwaju przeje\u017cd\u017caj\u0105cym co 7,5 minuty) i czystszego uj\u0119cia nie uda\u0142o mi si\u0119 pope\u0142ni\u0107, wi\u0119c musicie przebole\u0107 tego typa z prawej. \ud83d\ude09 28.02.2017<\/p>\n","protected":false},"author":1,"featured_media":13996,"comment_status":"open","ping_status":"","sticky":false,"template":"","format":"standard","meta":{"footnotes":""},"categories":[368,3],"tags":[1929,49,1049,118,52,95],"class_list":["post-13995","post","type-post","status-publish","format-standard","has-post-thumbnail","hentry","category-rok-2017","category-tramwaj","tag-2017-02-28","tag-czechy","tag-dp-praha","tag-plany-i-profile","tag-praga","tag-skoda-15t"],"_links":{"self":[{"href":"https:\/\/wgphoto.pl\/t\/index.php?rest_route=\/wp\/v2\/posts\/13995","targetHints":{"allow":["GET"]}}],"collection":[{"href":"https:\/\/wgphoto.pl\/t\/index.php?rest_route=\/wp\/v2\/posts"}],"about":[{"href":"https:\/\/wgphoto.pl\/t\/index.php?rest_route=\/wp\/v2\/types\/post"}],"author":[{"embeddable":true,"href":"https:\/\/wgphoto.pl\/t\/index.php?rest_route=\/wp\/v2\/users\/1"}],"replies":[{"embeddable":true,"href":"https:\/\/wgphoto.pl\/t\/index.php?rest_route=%2Fwp%2Fv2%2Fcomments&post=13995"}],"version-history":[{"count":1,"href":"https:\/\/wgphoto.pl\/t\/index.php?rest_route=\/wp\/v2\/posts\/13995\/revisions"}],"predecessor-version":[{"id":13997,"href":"https:\/\/wgphoto.pl\/t\/index.php?rest_route=\/wp\/v2\/posts\/13995\/revisions\/13997"}],"wp:featuredmedia":[{"embeddable":true,"href":"https:\/\/wgphoto.pl\/t\/index.php?rest_route=\/wp\/v2\/media\/13996"}],"wp:attachment":[{"href":"https:\/\/wgphoto.pl\/t\/index.php?rest_route=%2Fwp%2Fv2%2Fmedia&parent=13995"}],"wp:term":[{"taxonomy":"category","embeddable":true,"href":"https:\/\/wgphoto.pl\/t\/index.php?rest_route=%2Fwp%2Fv2%2Fcategories&post=13995"},{"taxonomy":"post_tag","embeddable":true,"href":"https:\/\/wgphoto.pl\/t\/index.php?rest_route=%2Fwp%2Fv2%2Ftags&post=13995"}],"curies":[{"name":"wp","href":"https:\/\/api.w.org\/{rel}","templated":true}]}}