{"id":13998,"date":"2025-03-07T23:33:05","date_gmt":"2025-03-07T22:33:05","guid":{"rendered":"https:\/\/wgphoto.pl\/t\/?p=13998"},"modified":"2025-03-07T23:33:05","modified_gmt":"2025-03-07T22:33:05","slug":"zolta-strzala","status":"publish","type":"post","link":"https:\/\/wgphoto.pl\/t\/?p=13998","title":{"rendered":"\u017b\u00f3\u0142ta strza\u0142a"},"content":{"rendered":"\n<figure class=\"wp-block-image aligncenter size-full\"><img loading=\"lazy\" decoding=\"async\" width=\"1200\" height=\"795\" src=\"https:\/\/wgphoto.pl\/t\/wp-content\/uploads\/2025\/03\/IMGP9469.jpg\" alt=\"\" class=\"wp-image-13999\" srcset=\"https:\/\/wgphoto.pl\/t\/wp-content\/uploads\/2025\/03\/IMGP9469.jpg 1200w, https:\/\/wgphoto.pl\/t\/wp-content\/uploads\/2025\/03\/IMGP9469-300x199.jpg 300w, https:\/\/wgphoto.pl\/t\/wp-content\/uploads\/2025\/03\/IMGP9469-768x509.jpg 768w\" sizes=\"auto, (max-width: 1200px) 100vw, 1200px\" \/><\/figure>\n\n\n\n<div class=\"wp-block-group has-global-padding is-layout-constrained wp-block-group-is-layout-constrained\">\n<p>Mi\u0119dzynarodowy poci\u0105g RJ 1008 relacji Zvolen &#8211; Praha hl.n. zbli\u017ca si\u0119 do stacji docelowej korzystaj\u0105c z tzw. Nov\u00e9ho spojen\u00ed. To odwa\u017cne wprowadzenie linii kolejowych z kierunk\u00f3w wschodniego i p\u00f3\u0142nocnego (ze stacji Pha-Libe\u0148, Vyso\u010dany i Hole\u0161ovice) do dworc\u00f3w g\u0142\u00f3wnego oraz Masaryka, wykorzystuj\u0105ce m.in. dwa tunele o d\u0142ugo\u015bci ponad 1300 m, wybudowano w pierwszej dekadzie XXI wieku, zast\u0119puj\u0105c dawne po\u0142\u0105czenie, sk\u0142adaj\u0105ce si\u0119 z dw\u00f3ch jednotorowych linii o trudnym profilu (wszak Praga do p\u0142askich miast nie nale\u017cy). Tak si\u0119 rozwi\u0105zuje problemy przepustowo\u015bci linii kolejowych. \ud83d\ude42 28.02.2017<\/p>\n<\/div>\n","protected":false},"excerpt":{"rendered":"<p>Mi\u0119dzynarodowy poci\u0105g RJ 1008 relacji Zvolen &#8211; Praha hl.n. zbli\u017ca si\u0119 do stacji docelowej korzystaj\u0105c z tzw. Nov\u00e9ho spojen\u00ed. To odwa\u017cne wprowadzenie linii kolejowych z kierunk\u00f3w wschodniego i p\u00f3\u0142nocnego (ze stacji Pha-Libe\u0148, Vyso\u010dany i Hole\u0161ovice) do dworc\u00f3w g\u0142\u00f3wnego oraz Masaryka, wykorzystuj\u0105ce m.in. dwa tunele o d\u0142ugo\u015bci ponad 1300 m, wybudowano w pierwszej dekadzie XXI wieku, [&hellip;]<\/p>\n","protected":false},"author":1,"featured_media":13999,"comment_status":"open","ping_status":"","sticky":false,"template":"","format":"standard","meta":{"footnotes":""},"categories":[368,3],"tags":[1929,49,52,703,3395,1268,567,1375],"class_list":["post-13998","post","type-post","status-publish","format-standard","has-post-thumbnail","hentry","category-rok-2017","category-tramwaj","tag-2017-02-28","tag-czechy","tag-praga","tag-praha-hlavni-nadrazi","tag-praha-liben","tag-regiojet","tag-siemens-vectron","tag-tab-cz010"],"_links":{"self":[{"href":"https:\/\/wgphoto.pl\/t\/index.php?rest_route=\/wp\/v2\/posts\/13998","targetHints":{"allow":["GET"]}}],"collection":[{"href":"https:\/\/wgphoto.pl\/t\/index.php?rest_route=\/wp\/v2\/posts"}],"about":[{"href":"https:\/\/wgphoto.pl\/t\/index.php?rest_route=\/wp\/v2\/types\/post"}],"author":[{"embeddable":true,"href":"https:\/\/wgphoto.pl\/t\/index.php?rest_route=\/wp\/v2\/users\/1"}],"replies":[{"embeddable":true,"href":"https:\/\/wgphoto.pl\/t\/index.php?rest_route=%2Fwp%2Fv2%2Fcomments&post=13998"}],"version-history":[{"count":1,"href":"https:\/\/wgphoto.pl\/t\/index.php?rest_route=\/wp\/v2\/posts\/13998\/revisions"}],"predecessor-version":[{"id":14000,"href":"https:\/\/wgphoto.pl\/t\/index.php?rest_route=\/wp\/v2\/posts\/13998\/revisions\/14000"}],"wp:featuredmedia":[{"embeddable":true,"href":"https:\/\/wgphoto.pl\/t\/index.php?rest_route=\/wp\/v2\/media\/13999"}],"wp:attachment":[{"href":"https:\/\/wgphoto.pl\/t\/index.php?rest_route=%2Fwp%2Fv2%2Fmedia&parent=13998"}],"wp:term":[{"taxonomy":"category","embeddable":true,"href":"https:\/\/wgphoto.pl\/t\/index.php?rest_route=%2Fwp%2Fv2%2Fcategories&post=13998"},{"taxonomy":"post_tag","embeddable":true,"href":"https:\/\/wgphoto.pl\/t\/index.php?rest_route=%2Fwp%2Fv2%2Ftags&post=13998"}],"curies":[{"name":"wp","href":"https:\/\/api.w.org\/{rel}","templated":true}]}}