{"id":14001,"date":"2025-03-08T12:01:32","date_gmt":"2025-03-08T11:01:32","guid":{"rendered":"https:\/\/wgphoto.pl\/t\/?p=14001"},"modified":"2025-03-08T12:01:32","modified_gmt":"2025-03-08T11:01:32","slug":"jarek-we-mgle","status":"publish","type":"post","link":"https:\/\/wgphoto.pl\/t\/?p=14001","title":{"rendered":"Jarek we mgle"},"content":{"rendered":"\n<figure class=\"wp-block-image aligncenter size-full\"><img loading=\"lazy\" decoding=\"async\" width=\"1195\" height=\"800\" src=\"https:\/\/wgphoto.pl\/t\/wp-content\/uploads\/2025\/03\/IMGP2046.jpg\" alt=\"\" class=\"wp-image-14002\" srcset=\"https:\/\/wgphoto.pl\/t\/wp-content\/uploads\/2025\/03\/IMGP2046.jpg 1195w, https:\/\/wgphoto.pl\/t\/wp-content\/uploads\/2025\/03\/IMGP2046-300x201.jpg 300w, https:\/\/wgphoto.pl\/t\/wp-content\/uploads\/2025\/03\/IMGP2046-768x514.jpg 768w\" sizes=\"auto, (max-width: 1195px) 100vw, 1195px\" \/><\/figure>\n\n\n\n<div class=\"wp-block-group has-global-padding is-layout-constrained wp-block-group-is-layout-constrained\">\n<p>Poci\u0105g osobowy 25453 z Ko\u0159enova do Szklarskiej Por\u0119by G\u00f3rnej zbli\u017ca si\u0119 do Jakuszyc. 09.03.2013<\/p>\n<\/div>\n","protected":false},"excerpt":{"rendered":"<p>Poci\u0105g osobowy 25453 z Ko\u0159enova do Szklarskiej Por\u0119by G\u00f3rnej zbli\u017ca si\u0119 do Jakuszyc. 09.03.2013<\/p>\n","protected":false},"author":1,"featured_media":14002,"comment_status":"open","ping_status":"","sticky":false,"template":"","format":"standard","meta":{"footnotes":""},"categories":[2,55],"tags":[3396,92,249,933,3178,821,27,44,936,935],"class_list":["post-14001","post","type-post","status-publish","format-standard","has-post-thumbnail","hentry","category-kolej","category-rok-2013","tag-2013-03-09","tag-92","tag-goscinne-wystepy","tag-gwtr","tag-jakuszyce","tag-mgla","tag-polska","tag-snieg","tag-tab-cz036","tag-tab-pl251"],"_links":{"self":[{"href":"https:\/\/wgphoto.pl\/t\/index.php?rest_route=\/wp\/v2\/posts\/14001","targetHints":{"allow":["GET"]}}],"collection":[{"href":"https:\/\/wgphoto.pl\/t\/index.php?rest_route=\/wp\/v2\/posts"}],"about":[{"href":"https:\/\/wgphoto.pl\/t\/index.php?rest_route=\/wp\/v2\/types\/post"}],"author":[{"embeddable":true,"href":"https:\/\/wgphoto.pl\/t\/index.php?rest_route=\/wp\/v2\/users\/1"}],"replies":[{"embeddable":true,"href":"https:\/\/wgphoto.pl\/t\/index.php?rest_route=%2Fwp%2Fv2%2Fcomments&post=14001"}],"version-history":[{"count":1,"href":"https:\/\/wgphoto.pl\/t\/index.php?rest_route=\/wp\/v2\/posts\/14001\/revisions"}],"predecessor-version":[{"id":14003,"href":"https:\/\/wgphoto.pl\/t\/index.php?rest_route=\/wp\/v2\/posts\/14001\/revisions\/14003"}],"wp:featuredmedia":[{"embeddable":true,"href":"https:\/\/wgphoto.pl\/t\/index.php?rest_route=\/wp\/v2\/media\/14002"}],"wp:attachment":[{"href":"https:\/\/wgphoto.pl\/t\/index.php?rest_route=%2Fwp%2Fv2%2Fmedia&parent=14001"}],"wp:term":[{"taxonomy":"category","embeddable":true,"href":"https:\/\/wgphoto.pl\/t\/index.php?rest_route=%2Fwp%2Fv2%2Fcategories&post=14001"},{"taxonomy":"post_tag","embeddable":true,"href":"https:\/\/wgphoto.pl\/t\/index.php?rest_route=%2Fwp%2Fv2%2Ftags&post=14001"}],"curies":[{"name":"wp","href":"https:\/\/api.w.org\/{rel}","templated":true}]}}