{"id":14013,"date":"2025-03-08T12:05:27","date_gmt":"2025-03-08T11:05:27","guid":{"rendered":"https:\/\/wgphoto.pl\/t\/?p=14013"},"modified":"2025-03-08T12:05:27","modified_gmt":"2025-03-08T11:05:27","slug":"strekov-z-gory","status":"publish","type":"post","link":"https:\/\/wgphoto.pl\/t\/?p=14013","title":{"rendered":"St\u0159ekov z g\u00f3ry"},"content":{"rendered":"\n<figure class=\"wp-block-image aligncenter size-full\"><img loading=\"lazy\" decoding=\"async\" width=\"1050\" height=\"800\" src=\"https:\/\/wgphoto.pl\/t\/wp-content\/uploads\/2025\/03\/dscf7468.jpg\" alt=\"\" class=\"wp-image-14014\" srcset=\"https:\/\/wgphoto.pl\/t\/wp-content\/uploads\/2025\/03\/dscf7468.jpg 1050w, https:\/\/wgphoto.pl\/t\/wp-content\/uploads\/2025\/03\/dscf7468-300x229.jpg 300w, https:\/\/wgphoto.pl\/t\/wp-content\/uploads\/2025\/03\/dscf7468-768x585.jpg 768w\" sizes=\"auto, (max-width: 1050px) 100vw, 1050px\" \/><\/figure>\n\n\n\n<div class=\"wp-block-group has-global-padding is-layout-constrained wp-block-group-is-layout-constrained\">\n<p>810 643-7 przyby\u0142 dwutorow\u0105 i zelektryfikowan\u0105, prawobrze\u017cn\u0105 wzgl\u0119dem \u0141aby lini\u0105 jako poci\u0105g osobowy z D\u011b\u010d\u00edna hl.n. Skoro pojemno\u015b\u0107 takiego pojazdu jest wystarczaj\u0105ca, po co pcha\u0107, pomimo charakteru linii, ci\u0119\u017cki sk\u0142ad wagonowy? 09.09.2008<\/p>\n<\/div>\n","protected":false},"excerpt":{"rendered":"<p>810 643-7 przyby\u0142 dwutorow\u0105 i zelektryfikowan\u0105, prawobrze\u017cn\u0105 wzgl\u0119dem \u0141aby lini\u0105 jako poci\u0105g osobowy z D\u011b\u010d\u00edna hl.n. Skoro pojemno\u015b\u0107 takiego pojazdu jest wystarczaj\u0105ca, po co pcha\u0107, pomimo charakteru linii, ci\u0119\u017cki sk\u0142ad wagonowy? 09.09.2008<\/p>\n","protected":false},"author":1,"featured_media":14014,"comment_status":"open","ping_status":"","sticky":false,"template":"","format":"standard","meta":{"footnotes":""},"categories":[2,120],"tags":[2500,92,50,49,244,3397,2960],"class_list":["post-14013","post","type-post","status-publish","format-standard","has-post-thumbnail","hentry","category-kolej","category-rok-2008","tag-2008-09-09","tag-92","tag-cd","tag-czechy","tag-skaly","tag-tab-cz073","tag-usti-nad-labem-strekov"],"_links":{"self":[{"href":"https:\/\/wgphoto.pl\/t\/index.php?rest_route=\/wp\/v2\/posts\/14013","targetHints":{"allow":["GET"]}}],"collection":[{"href":"https:\/\/wgphoto.pl\/t\/index.php?rest_route=\/wp\/v2\/posts"}],"about":[{"href":"https:\/\/wgphoto.pl\/t\/index.php?rest_route=\/wp\/v2\/types\/post"}],"author":[{"embeddable":true,"href":"https:\/\/wgphoto.pl\/t\/index.php?rest_route=\/wp\/v2\/users\/1"}],"replies":[{"embeddable":true,"href":"https:\/\/wgphoto.pl\/t\/index.php?rest_route=%2Fwp%2Fv2%2Fcomments&post=14013"}],"version-history":[{"count":1,"href":"https:\/\/wgphoto.pl\/t\/index.php?rest_route=\/wp\/v2\/posts\/14013\/revisions"}],"predecessor-version":[{"id":14015,"href":"https:\/\/wgphoto.pl\/t\/index.php?rest_route=\/wp\/v2\/posts\/14013\/revisions\/14015"}],"wp:featuredmedia":[{"embeddable":true,"href":"https:\/\/wgphoto.pl\/t\/index.php?rest_route=\/wp\/v2\/media\/14014"}],"wp:attachment":[{"href":"https:\/\/wgphoto.pl\/t\/index.php?rest_route=%2Fwp%2Fv2%2Fmedia&parent=14013"}],"wp:term":[{"taxonomy":"category","embeddable":true,"href":"https:\/\/wgphoto.pl\/t\/index.php?rest_route=%2Fwp%2Fv2%2Fcategories&post=14013"},{"taxonomy":"post_tag","embeddable":true,"href":"https:\/\/wgphoto.pl\/t\/index.php?rest_route=%2Fwp%2Fv2%2Ftags&post=14013"}],"curies":[{"name":"wp","href":"https:\/\/api.w.org\/{rel}","templated":true}]}}