{"id":14016,"date":"2025-03-08T12:09:41","date_gmt":"2025-03-08T11:09:41","guid":{"rendered":"https:\/\/wgphoto.pl\/t\/?p=14016"},"modified":"2025-03-08T12:09:41","modified_gmt":"2025-03-08T11:09:41","slug":"wielki-czlonek","status":"publish","type":"post","link":"https:\/\/wgphoto.pl\/t\/?p=14016","title":{"rendered":"Wielki cz\u0142onek"},"content":{"rendered":"\n<figure class=\"wp-block-image aligncenter size-full\"><img loading=\"lazy\" decoding=\"async\" width=\"1200\" height=\"800\" src=\"https:\/\/wgphoto.pl\/t\/wp-content\/uploads\/2025\/03\/IMGP2614.jpg\" alt=\"\" class=\"wp-image-14017\" srcset=\"https:\/\/wgphoto.pl\/t\/wp-content\/uploads\/2025\/03\/IMGP2614.jpg 1200w, https:\/\/wgphoto.pl\/t\/wp-content\/uploads\/2025\/03\/IMGP2614-300x200.jpg 300w, https:\/\/wgphoto.pl\/t\/wp-content\/uploads\/2025\/03\/IMGP2614-768x512.jpg 768w\" sizes=\"auto, (max-width: 1200px) 100vw, 1200px\" \/><\/figure>\n\n\n\n<div class=\"wp-block-group has-global-padding is-layout-constrained wp-block-group-is-layout-constrained\">\n<p>EN57-1446 jako osobowy do Rawicza mija Podg Grabiszyn, a sytuacji tej znad 10-pi\u0119trowych blok\u00f3w przygl\u0105da si\u0119 budynek tyle\u017c wysokich co kontrowersyjnych kszta\u0142t\u00f3w. 05.04.2013<\/p>\n<\/div>\n","protected":false},"excerpt":{"rendered":"<p>EN57-1446 jako osobowy do Rawicza mija Podg Grabiszyn, a sytuacji tej znad 10-pi\u0119trowych blok\u00f3w przygl\u0105da si\u0119 budynek tyle\u017c wysokich co kontrowersyjnych kszta\u0142t\u00f3w. 05.04.2013<\/p>\n","protected":false},"author":1,"featured_media":14017,"comment_status":"open","ping_status":"","sticky":false,"template":"","format":"standard","meta":{"footnotes":""},"categories":[2,55],"tags":[132,63,1544,27,44,190,41],"class_list":["post-14016","post","type-post","status-publish","format-standard","has-post-thumbnail","hentry","category-kolej","category-rok-2013","tag-en57","tag-pkp","tag-podg-grabiszyn","tag-polska","tag-snieg","tag-tab-pl330","tag-wroclaw"],"_links":{"self":[{"href":"https:\/\/wgphoto.pl\/t\/index.php?rest_route=\/wp\/v2\/posts\/14016","targetHints":{"allow":["GET"]}}],"collection":[{"href":"https:\/\/wgphoto.pl\/t\/index.php?rest_route=\/wp\/v2\/posts"}],"about":[{"href":"https:\/\/wgphoto.pl\/t\/index.php?rest_route=\/wp\/v2\/types\/post"}],"author":[{"embeddable":true,"href":"https:\/\/wgphoto.pl\/t\/index.php?rest_route=\/wp\/v2\/users\/1"}],"replies":[{"embeddable":true,"href":"https:\/\/wgphoto.pl\/t\/index.php?rest_route=%2Fwp%2Fv2%2Fcomments&post=14016"}],"version-history":[{"count":1,"href":"https:\/\/wgphoto.pl\/t\/index.php?rest_route=\/wp\/v2\/posts\/14016\/revisions"}],"predecessor-version":[{"id":14018,"href":"https:\/\/wgphoto.pl\/t\/index.php?rest_route=\/wp\/v2\/posts\/14016\/revisions\/14018"}],"wp:featuredmedia":[{"embeddable":true,"href":"https:\/\/wgphoto.pl\/t\/index.php?rest_route=\/wp\/v2\/media\/14017"}],"wp:attachment":[{"href":"https:\/\/wgphoto.pl\/t\/index.php?rest_route=%2Fwp%2Fv2%2Fmedia&parent=14016"}],"wp:term":[{"taxonomy":"category","embeddable":true,"href":"https:\/\/wgphoto.pl\/t\/index.php?rest_route=%2Fwp%2Fv2%2Fcategories&post=14016"},{"taxonomy":"post_tag","embeddable":true,"href":"https:\/\/wgphoto.pl\/t\/index.php?rest_route=%2Fwp%2Fv2%2Ftags&post=14016"}],"curies":[{"name":"wp","href":"https:\/\/api.w.org\/{rel}","templated":true}]}}