{"id":14025,"date":"2025-03-08T12:12:58","date_gmt":"2025-03-08T11:12:58","guid":{"rendered":"https:\/\/wgphoto.pl\/t\/?p=14025"},"modified":"2025-03-08T12:12:58","modified_gmt":"2025-03-08T11:12:58","slug":"105nwr-22642265","status":"publish","type":"post","link":"https:\/\/wgphoto.pl\/t\/?p=14025","title":{"rendered":"105NWr 2264+2265"},"content":{"rendered":"\n<figure class=\"wp-block-image aligncenter size-full\"><img loading=\"lazy\" decoding=\"async\" width=\"1050\" height=\"700\" src=\"https:\/\/wgphoto.pl\/t\/wp-content\/uploads\/2025\/03\/IMGP5245.jpg\" alt=\"\" class=\"wp-image-14026\" srcset=\"https:\/\/wgphoto.pl\/t\/wp-content\/uploads\/2025\/03\/IMGP5245.jpg 1050w, https:\/\/wgphoto.pl\/t\/wp-content\/uploads\/2025\/03\/IMGP5245-300x200.jpg 300w, https:\/\/wgphoto.pl\/t\/wp-content\/uploads\/2025\/03\/IMGP5245-768x512.jpg 768w\" sizes=\"auto, (max-width: 1050px) 100vw, 1050px\" \/><\/figure>\n\n\n\n<div class=\"wp-block-group has-global-padding is-layout-constrained wp-block-group-is-layout-constrained\">\n<p>Dawne czasy, gdy Podwale na tym odcinku posiada\u0142o brukowan\u0105 nawierzchni\u0119, tytu\u0142owy zestaw stacjonowa\u0142 na zajezdni Borek, a p\u0119tla przy Cmentarzu Grabiszy\u0144skim nosi\u0142a tak\u0105 w\u0142a\u015bnie nazw\u0119. 05.04.2009<\/p>\n<\/div>\n","protected":false},"excerpt":{"rendered":"<p>Dawne czasy, gdy Podwale na tym odcinku posiada\u0142o brukowan\u0105 nawierzchni\u0119, tytu\u0142owy zestaw stacjonowa\u0142 na zajezdni Borek, a p\u0119tla przy Cmentarzu Grabiszy\u0144skim nosi\u0142a tak\u0105 w\u0142a\u015bnie nazw\u0119. 05.04.2009<\/p>\n","protected":false},"author":1,"featured_media":14026,"comment_status":"open","ping_status":"","sticky":false,"template":"","format":"standard","meta":{"footnotes":""},"categories":[169,3],"tags":[43,3400,42,27,41],"class_list":["post-14025","post","type-post","status-publish","format-standard","has-post-thumbnail","hentry","category-rok-2009","category-tramwaj","tag-105nwr","tag-2009-04-05","tag-mpk-wroclaw","tag-polska","tag-wroclaw"],"_links":{"self":[{"href":"https:\/\/wgphoto.pl\/t\/index.php?rest_route=\/wp\/v2\/posts\/14025","targetHints":{"allow":["GET"]}}],"collection":[{"href":"https:\/\/wgphoto.pl\/t\/index.php?rest_route=\/wp\/v2\/posts"}],"about":[{"href":"https:\/\/wgphoto.pl\/t\/index.php?rest_route=\/wp\/v2\/types\/post"}],"author":[{"embeddable":true,"href":"https:\/\/wgphoto.pl\/t\/index.php?rest_route=\/wp\/v2\/users\/1"}],"replies":[{"embeddable":true,"href":"https:\/\/wgphoto.pl\/t\/index.php?rest_route=%2Fwp%2Fv2%2Fcomments&post=14025"}],"version-history":[{"count":1,"href":"https:\/\/wgphoto.pl\/t\/index.php?rest_route=\/wp\/v2\/posts\/14025\/revisions"}],"predecessor-version":[{"id":14027,"href":"https:\/\/wgphoto.pl\/t\/index.php?rest_route=\/wp\/v2\/posts\/14025\/revisions\/14027"}],"wp:featuredmedia":[{"embeddable":true,"href":"https:\/\/wgphoto.pl\/t\/index.php?rest_route=\/wp\/v2\/media\/14026"}],"wp:attachment":[{"href":"https:\/\/wgphoto.pl\/t\/index.php?rest_route=%2Fwp%2Fv2%2Fmedia&parent=14025"}],"wp:term":[{"taxonomy":"category","embeddable":true,"href":"https:\/\/wgphoto.pl\/t\/index.php?rest_route=%2Fwp%2Fv2%2Fcategories&post=14025"},{"taxonomy":"post_tag","embeddable":true,"href":"https:\/\/wgphoto.pl\/t\/index.php?rest_route=%2Fwp%2Fv2%2Ftags&post=14025"}],"curies":[{"name":"wp","href":"https:\/\/api.w.org\/{rel}","templated":true}]}}