{"id":14028,"date":"2025-03-08T12:13:48","date_gmt":"2025-03-08T11:13:48","guid":{"rendered":"https:\/\/wgphoto.pl\/t\/?p=14028"},"modified":"2025-03-08T12:13:48","modified_gmt":"2025-03-08T11:13:48","slug":"most-warszawski","status":"publish","type":"post","link":"https:\/\/wgphoto.pl\/t\/?p=14028","title":{"rendered":"Most Warszawski"},"content":{"rendered":"\n<figure class=\"wp-block-image aligncenter size-full\"><img loading=\"lazy\" decoding=\"async\" width=\"1050\" height=\"700\" src=\"https:\/\/wgphoto.pl\/t\/wp-content\/uploads\/2025\/03\/IMGP8167.jpg\" alt=\"\" class=\"wp-image-14029\" srcset=\"https:\/\/wgphoto.pl\/t\/wp-content\/uploads\/2025\/03\/IMGP8167.jpg 1050w, https:\/\/wgphoto.pl\/t\/wp-content\/uploads\/2025\/03\/IMGP8167-300x200.jpg 300w, https:\/\/wgphoto.pl\/t\/wp-content\/uploads\/2025\/03\/IMGP8167-768x512.jpg 768w\" sizes=\"auto, (max-width: 1050px) 100vw, 1050px\" \/><\/figure>\n\n\n\n<div class=\"wp-block-group has-global-padding is-layout-constrained wp-block-group-is-layout-constrained\">\n<p>105Na 2454+2453 \u0142apie pierwsze promienie porannego s\u0142o\u0144ca przeprawiaj\u0105c si\u0119 przez Odr\u0119 mostem Warszawskim. 10.10.2010<\/p>\n<\/div>\n","protected":false},"excerpt":{"rendered":"<p>105Na 2454+2453 \u0142apie pierwsze promienie porannego s\u0142o\u0144ca przeprawiaj\u0105c si\u0119 przez Odr\u0119 mostem Warszawskim. 10.10.2010<\/p>\n","protected":false},"author":1,"featured_media":14029,"comment_status":"open","ping_status":"","sticky":false,"template":"","format":"standard","meta":{"footnotes":""},"categories":[86,3],"tags":[155,3401,821,45,42,27,176,41],"class_list":["post-14028","post","type-post","status-publish","format-standard","has-post-thumbnail","hentry","category-rok-2010","category-tramwaj","tag-105na","tag-2010-10-10","tag-mgla","tag-most","tag-mpk-wroclaw","tag-polska","tag-rano","tag-wroclaw"],"_links":{"self":[{"href":"https:\/\/wgphoto.pl\/t\/index.php?rest_route=\/wp\/v2\/posts\/14028","targetHints":{"allow":["GET"]}}],"collection":[{"href":"https:\/\/wgphoto.pl\/t\/index.php?rest_route=\/wp\/v2\/posts"}],"about":[{"href":"https:\/\/wgphoto.pl\/t\/index.php?rest_route=\/wp\/v2\/types\/post"}],"author":[{"embeddable":true,"href":"https:\/\/wgphoto.pl\/t\/index.php?rest_route=\/wp\/v2\/users\/1"}],"replies":[{"embeddable":true,"href":"https:\/\/wgphoto.pl\/t\/index.php?rest_route=%2Fwp%2Fv2%2Fcomments&post=14028"}],"version-history":[{"count":1,"href":"https:\/\/wgphoto.pl\/t\/index.php?rest_route=\/wp\/v2\/posts\/14028\/revisions"}],"predecessor-version":[{"id":14030,"href":"https:\/\/wgphoto.pl\/t\/index.php?rest_route=\/wp\/v2\/posts\/14028\/revisions\/14030"}],"wp:featuredmedia":[{"embeddable":true,"href":"https:\/\/wgphoto.pl\/t\/index.php?rest_route=\/wp\/v2\/media\/14029"}],"wp:attachment":[{"href":"https:\/\/wgphoto.pl\/t\/index.php?rest_route=%2Fwp%2Fv2%2Fmedia&parent=14028"}],"wp:term":[{"taxonomy":"category","embeddable":true,"href":"https:\/\/wgphoto.pl\/t\/index.php?rest_route=%2Fwp%2Fv2%2Fcategories&post=14028"},{"taxonomy":"post_tag","embeddable":true,"href":"https:\/\/wgphoto.pl\/t\/index.php?rest_route=%2Fwp%2Fv2%2Ftags&post=14028"}],"curies":[{"name":"wp","href":"https:\/\/api.w.org\/{rel}","templated":true}]}}