{"id":14037,"date":"2025-03-08T12:16:55","date_gmt":"2025-03-08T11:16:55","guid":{"rendered":"https:\/\/wgphoto.pl\/t\/?p=14037"},"modified":"2025-03-08T12:16:55","modified_gmt":"2025-03-08T11:16:55","slug":"sniezne-kotly","status":"publish","type":"post","link":"https:\/\/wgphoto.pl\/t\/?p=14037","title":{"rendered":"\u015anie\u017cne Kot\u0142y"},"content":{"rendered":"\n<figure class=\"wp-block-image aligncenter size-full\"><img loading=\"lazy\" decoding=\"async\" width=\"1200\" height=\"800\" src=\"https:\/\/wgphoto.pl\/t\/wp-content\/uploads\/2025\/03\/IMGP3283.jpg\" alt=\"\" class=\"wp-image-14038\" srcset=\"https:\/\/wgphoto.pl\/t\/wp-content\/uploads\/2025\/03\/IMGP3283.jpg 1200w, https:\/\/wgphoto.pl\/t\/wp-content\/uploads\/2025\/03\/IMGP3283-300x200.jpg 300w, https:\/\/wgphoto.pl\/t\/wp-content\/uploads\/2025\/03\/IMGP3283-768x512.jpg 768w\" sizes=\"auto, (max-width: 1200px) 100vw, 1200px\" \/><\/figure>\n\n\n\n<div class=\"wp-block-group has-global-padding is-layout-constrained wp-block-group-is-layout-constrained\">\n<p>36WEa-011 jako poci\u0105g osobowy 69834 ze Szklarskiej Por\u0119by G\u00f3rnej do Wroc\u0142awia G\u0142\u00f3wnego opu\u015bci\u0142 przed chwil\u0105 przystanek Jelenia G\u00f3ra Orle, pozostawiaj\u0105c za sob\u0105 nieco zamglone Karkonosze. Bardzo s\u0142abe foto jak na ten motyw [dopisek z 2025]. 25.10.2015<\/p>\n<\/div>\n","protected":false},"excerpt":{"rendered":"<p>36WEa-011 jako poci\u0105g osobowy 69834 ze Szklarskiej Por\u0119by G\u00f3rnej do Wroc\u0142awia G\u0142\u00f3wnego opu\u015bci\u0142 przed chwil\u0105 przystanek Jelenia G\u00f3ra Orle, pozostawiaj\u0105c za sob\u0105 nieco zamglone Karkonosze. Bardzo s\u0142abe foto jak na ten motyw [dopisek z 2025]. 25.10.2015<\/p>\n","protected":false},"author":1,"featured_media":14038,"comment_status":"open","ping_status":"","sticky":false,"template":"","format":"standard","meta":{"footnotes":""},"categories":[2,104],"tags":[3405,401,114,3404,402,404,27,200],"class_list":["post-14037","post","type-post","status-publish","format-standard","has-post-thumbnail","hentry","category-kolej","category-rok-2015","tag-2015-10-25","tag-36we","tag-gory","tag-jelenia-gora-orle","tag-kd","tag-newag-impuls","tag-polska","tag-tab-pl240"],"_links":{"self":[{"href":"https:\/\/wgphoto.pl\/t\/index.php?rest_route=\/wp\/v2\/posts\/14037","targetHints":{"allow":["GET"]}}],"collection":[{"href":"https:\/\/wgphoto.pl\/t\/index.php?rest_route=\/wp\/v2\/posts"}],"about":[{"href":"https:\/\/wgphoto.pl\/t\/index.php?rest_route=\/wp\/v2\/types\/post"}],"author":[{"embeddable":true,"href":"https:\/\/wgphoto.pl\/t\/index.php?rest_route=\/wp\/v2\/users\/1"}],"replies":[{"embeddable":true,"href":"https:\/\/wgphoto.pl\/t\/index.php?rest_route=%2Fwp%2Fv2%2Fcomments&post=14037"}],"version-history":[{"count":1,"href":"https:\/\/wgphoto.pl\/t\/index.php?rest_route=\/wp\/v2\/posts\/14037\/revisions"}],"predecessor-version":[{"id":14039,"href":"https:\/\/wgphoto.pl\/t\/index.php?rest_route=\/wp\/v2\/posts\/14037\/revisions\/14039"}],"wp:featuredmedia":[{"embeddable":true,"href":"https:\/\/wgphoto.pl\/t\/index.php?rest_route=\/wp\/v2\/media\/14038"}],"wp:attachment":[{"href":"https:\/\/wgphoto.pl\/t\/index.php?rest_route=%2Fwp%2Fv2%2Fmedia&parent=14037"}],"wp:term":[{"taxonomy":"category","embeddable":true,"href":"https:\/\/wgphoto.pl\/t\/index.php?rest_route=%2Fwp%2Fv2%2Fcategories&post=14037"},{"taxonomy":"post_tag","embeddable":true,"href":"https:\/\/wgphoto.pl\/t\/index.php?rest_route=%2Fwp%2Fv2%2Ftags&post=14037"}],"curies":[{"name":"wp","href":"https:\/\/api.w.org\/{rel}","templated":true}]}}