{"id":1404,"date":"2024-10-03T22:07:12","date_gmt":"2024-10-03T20:07:12","guid":{"rendered":"https:\/\/wgphoto.pl\/t\/?p=1404"},"modified":"2024-10-03T22:07:12","modified_gmt":"2024-10-03T20:07:12","slug":"praha-dejvice","status":"publish","type":"post","link":"https:\/\/wgphoto.pl\/t\/?p=1404","title":{"rendered":"Praha-Dejvice"},"content":{"rendered":"\n<figure class=\"wp-block-image aligncenter size-full\"><img loading=\"lazy\" decoding=\"async\" width=\"1200\" height=\"795\" src=\"https:\/\/wgphoto.pl\/t\/wp-content\/uploads\/2024\/10\/IMGP3631.jpg\" alt=\"\" class=\"wp-image-1405\" srcset=\"https:\/\/wgphoto.pl\/t\/wp-content\/uploads\/2024\/10\/IMGP3631.jpg 1200w, https:\/\/wgphoto.pl\/t\/wp-content\/uploads\/2024\/10\/IMGP3631-300x199.jpg 300w, https:\/\/wgphoto.pl\/t\/wp-content\/uploads\/2024\/10\/IMGP3631-768x509.jpg 768w\" sizes=\"auto, (max-width: 1200px) 100vw, 1200px\" \/><\/figure>\n\n\n\n<div class=\"wp-block-group has-global-padding is-layout-constrained wp-block-group-is-layout-constrained\">\n<p>714 021-3 z poci\u0105giem przyspieszonym 1881 relacji Kladno-Ostrovec &#8211; Praha Masarykovo n\u00e1dra\u017e\u00ed melduje si\u0119 punktualnie na tytuowej stacji. Takie zestawienie, zamiast Regionovy, \u015bwiadczy o porannym, szczytowym wzmocnieniu, jest bowiem chwil\u0119 po godz. 7 rano. 01.04.2014<\/p>\n<\/div>\n","protected":false},"excerpt":{"rendered":"<p>714 021-3 z poci\u0105giem przyspieszonym 1881 relacji Kladno-Ostrovec &#8211; Praha Masarykovo n\u00e1dra\u017e\u00ed melduje si\u0119 punktualnie na tytuowej stacji. Takie zestawienie, zamiast Regionovy, \u015bwiadczy o porannym, szczytowym wzmocnieniu, jest bowiem chwil\u0119 po godz. 7 rano. 01.04.2014<\/p>\n","protected":false},"author":1,"featured_media":1405,"comment_status":"open","ping_status":"","sticky":false,"template":"","format":"standard","meta":{"footnotes":""},"categories":[2,48],"tags":[702,326,50,49,52,701,700],"class_list":["post-1404","post","type-post","status-publish","format-standard","has-post-thumbnail","hentry","category-kolej","category-rok-2014","tag-2014-04-01","tag-326","tag-cd","tag-czechy","tag-praga","tag-praha-dejvice","tag-tab-cz120"],"_links":{"self":[{"href":"https:\/\/wgphoto.pl\/t\/index.php?rest_route=\/wp\/v2\/posts\/1404","targetHints":{"allow":["GET"]}}],"collection":[{"href":"https:\/\/wgphoto.pl\/t\/index.php?rest_route=\/wp\/v2\/posts"}],"about":[{"href":"https:\/\/wgphoto.pl\/t\/index.php?rest_route=\/wp\/v2\/types\/post"}],"author":[{"embeddable":true,"href":"https:\/\/wgphoto.pl\/t\/index.php?rest_route=\/wp\/v2\/users\/1"}],"replies":[{"embeddable":true,"href":"https:\/\/wgphoto.pl\/t\/index.php?rest_route=%2Fwp%2Fv2%2Fcomments&post=1404"}],"version-history":[{"count":1,"href":"https:\/\/wgphoto.pl\/t\/index.php?rest_route=\/wp\/v2\/posts\/1404\/revisions"}],"predecessor-version":[{"id":1406,"href":"https:\/\/wgphoto.pl\/t\/index.php?rest_route=\/wp\/v2\/posts\/1404\/revisions\/1406"}],"wp:featuredmedia":[{"embeddable":true,"href":"https:\/\/wgphoto.pl\/t\/index.php?rest_route=\/wp\/v2\/media\/1405"}],"wp:attachment":[{"href":"https:\/\/wgphoto.pl\/t\/index.php?rest_route=%2Fwp%2Fv2%2Fmedia&parent=1404"}],"wp:term":[{"taxonomy":"category","embeddable":true,"href":"https:\/\/wgphoto.pl\/t\/index.php?rest_route=%2Fwp%2Fv2%2Fcategories&post=1404"},{"taxonomy":"post_tag","embeddable":true,"href":"https:\/\/wgphoto.pl\/t\/index.php?rest_route=%2Fwp%2Fv2%2Ftags&post=1404"}],"curies":[{"name":"wp","href":"https:\/\/api.w.org\/{rel}","templated":true}]}}