{"id":14040,"date":"2025-03-08T12:17:58","date_gmt":"2025-03-08T11:17:58","guid":{"rendered":"https:\/\/wgphoto.pl\/t\/?p=14040"},"modified":"2025-03-08T12:17:58","modified_gmt":"2025-03-08T11:17:58","slug":"rownanie-czasu","status":"publish","type":"post","link":"https:\/\/wgphoto.pl\/t\/?p=14040","title":{"rendered":"R\u00f3wnanie czasu"},"content":{"rendered":"\n<figure class=\"wp-block-image aligncenter size-full\"><img loading=\"lazy\" decoding=\"async\" width=\"1200\" height=\"800\" src=\"https:\/\/wgphoto.pl\/t\/wp-content\/uploads\/2025\/03\/IMGP3454.jpg\" alt=\"\" class=\"wp-image-14041\" srcset=\"https:\/\/wgphoto.pl\/t\/wp-content\/uploads\/2025\/03\/IMGP3454.jpg 1200w, https:\/\/wgphoto.pl\/t\/wp-content\/uploads\/2025\/03\/IMGP3454-300x200.jpg 300w, https:\/\/wgphoto.pl\/t\/wp-content\/uploads\/2025\/03\/IMGP3454-768x512.jpg 768w\" sizes=\"auto, (max-width: 1200px) 100vw, 1200px\" \/><\/figure>\n\n\n\n<div class=\"wp-block-group has-global-padding is-layout-constrained wp-block-group-is-layout-constrained\">\n<p>36WEa-013 jako poci\u0105g osobowy 69867 &#8222;Szrenica&#8221; z Wroc\u0142awia G\u0142\u00f3wnego do Szklarskiej Por\u0119by G\u00f3rnej przyby\u0142 tego dnia do Jeleniej G\u00f3ry nawet kilka minut przed planem i odczekuje teraz do planowego odjazdu. 29.11.2015<\/p>\n<\/div>\n","protected":false},"excerpt":{"rendered":"<p>36WEa-013 jako poci\u0105g osobowy 69867 &#8222;Szrenica&#8221; z Wroc\u0142awia G\u0142\u00f3wnego do Szklarskiej Por\u0119by G\u00f3rnej przyby\u0142 tego dnia do Jeleniej G\u00f3ry nawet kilka minut przed planem i odczekuje teraz do planowego odjazdu. 29.11.2015<\/p>\n","protected":false},"author":1,"featured_media":14041,"comment_status":"open","ping_status":"","sticky":false,"template":"","format":"standard","meta":{"footnotes":""},"categories":[2,104],"tags":[3406,401,1997,402,173,404,24,27,200],"class_list":["post-14040","post","type-post","status-publish","format-standard","has-post-thumbnail","hentry","category-kolej","category-rok-2015","tag-2015-11-29","tag-36we","tag-jelenia-gora","tag-kd","tag-koncowki","tag-newag-impuls","tag-perony","tag-polska","tag-tab-pl240"],"_links":{"self":[{"href":"https:\/\/wgphoto.pl\/t\/index.php?rest_route=\/wp\/v2\/posts\/14040","targetHints":{"allow":["GET"]}}],"collection":[{"href":"https:\/\/wgphoto.pl\/t\/index.php?rest_route=\/wp\/v2\/posts"}],"about":[{"href":"https:\/\/wgphoto.pl\/t\/index.php?rest_route=\/wp\/v2\/types\/post"}],"author":[{"embeddable":true,"href":"https:\/\/wgphoto.pl\/t\/index.php?rest_route=\/wp\/v2\/users\/1"}],"replies":[{"embeddable":true,"href":"https:\/\/wgphoto.pl\/t\/index.php?rest_route=%2Fwp%2Fv2%2Fcomments&post=14040"}],"version-history":[{"count":1,"href":"https:\/\/wgphoto.pl\/t\/index.php?rest_route=\/wp\/v2\/posts\/14040\/revisions"}],"predecessor-version":[{"id":14042,"href":"https:\/\/wgphoto.pl\/t\/index.php?rest_route=\/wp\/v2\/posts\/14040\/revisions\/14042"}],"wp:featuredmedia":[{"embeddable":true,"href":"https:\/\/wgphoto.pl\/t\/index.php?rest_route=\/wp\/v2\/media\/14041"}],"wp:attachment":[{"href":"https:\/\/wgphoto.pl\/t\/index.php?rest_route=%2Fwp%2Fv2%2Fmedia&parent=14040"}],"wp:term":[{"taxonomy":"category","embeddable":true,"href":"https:\/\/wgphoto.pl\/t\/index.php?rest_route=%2Fwp%2Fv2%2Fcategories&post=14040"},{"taxonomy":"post_tag","embeddable":true,"href":"https:\/\/wgphoto.pl\/t\/index.php?rest_route=%2Fwp%2Fv2%2Ftags&post=14040"}],"curies":[{"name":"wp","href":"https:\/\/api.w.org\/{rel}","templated":true}]}}