{"id":14043,"date":"2025-03-08T12:18:45","date_gmt":"2025-03-08T11:18:45","guid":{"rendered":"https:\/\/wgphoto.pl\/t\/?p=14043"},"modified":"2025-03-08T12:18:45","modified_gmt":"2025-03-08T11:18:45","slug":"a-w-jeleniej-gorze","status":"publish","type":"post","link":"https:\/\/wgphoto.pl\/t\/?p=14043","title":{"rendered":"A w Jeleniej G\u00f3rze"},"content":{"rendered":"\n<figure class=\"wp-block-image aligncenter size-full\"><img loading=\"lazy\" decoding=\"async\" width=\"1200\" height=\"800\" src=\"https:\/\/wgphoto.pl\/t\/wp-content\/uploads\/2025\/03\/IMGP3456.jpg\" alt=\"\" class=\"wp-image-14044\" srcset=\"https:\/\/wgphoto.pl\/t\/wp-content\/uploads\/2025\/03\/IMGP3456.jpg 1200w, https:\/\/wgphoto.pl\/t\/wp-content\/uploads\/2025\/03\/IMGP3456-300x200.jpg 300w, https:\/\/wgphoto.pl\/t\/wp-content\/uploads\/2025\/03\/IMGP3456-768x512.jpg 768w\" sizes=\"auto, (max-width: 1200px) 100vw, 1200px\" \/><\/figure>\n\n\n\n<div class=\"wp-block-group has-global-padding is-layout-constrained wp-block-group-is-layout-constrained\">\n<p>\u2026wci\u0105\u017c trwa przebudowa peron\u00f3w oraz przej\u015bcia podziemnego. Do dyspozycji pozostaj\u0105 obecnie perony nr 1 i 2. 36WEa-013 czeka do odjazdu do Szklarskiej Por\u0119by. 29.11.2015<\/p>\n<\/div>\n","protected":false},"excerpt":{"rendered":"<p>\u2026wci\u0105\u017c trwa przebudowa peron\u00f3w oraz przej\u015bcia podziemnego. Do dyspozycji pozostaj\u0105 obecnie perony nr 1 i 2. 36WEa-013 czeka do odjazdu do Szklarskiej Por\u0119by. 29.11.2015<\/p>\n","protected":false},"author":1,"featured_media":14044,"comment_status":"open","ping_status":"","sticky":false,"template":"","format":"standard","meta":{"footnotes":""},"categories":[2,104],"tags":[3406,401,745,1997,402,404,27,200],"class_list":["post-14043","post","type-post","status-publish","format-standard","has-post-thumbnail","hentry","category-kolej","category-rok-2015","tag-2015-11-29","tag-36we","tag-budowa","tag-jelenia-gora","tag-kd","tag-newag-impuls","tag-polska","tag-tab-pl240"],"_links":{"self":[{"href":"https:\/\/wgphoto.pl\/t\/index.php?rest_route=\/wp\/v2\/posts\/14043","targetHints":{"allow":["GET"]}}],"collection":[{"href":"https:\/\/wgphoto.pl\/t\/index.php?rest_route=\/wp\/v2\/posts"}],"about":[{"href":"https:\/\/wgphoto.pl\/t\/index.php?rest_route=\/wp\/v2\/types\/post"}],"author":[{"embeddable":true,"href":"https:\/\/wgphoto.pl\/t\/index.php?rest_route=\/wp\/v2\/users\/1"}],"replies":[{"embeddable":true,"href":"https:\/\/wgphoto.pl\/t\/index.php?rest_route=%2Fwp%2Fv2%2Fcomments&post=14043"}],"version-history":[{"count":1,"href":"https:\/\/wgphoto.pl\/t\/index.php?rest_route=\/wp\/v2\/posts\/14043\/revisions"}],"predecessor-version":[{"id":14045,"href":"https:\/\/wgphoto.pl\/t\/index.php?rest_route=\/wp\/v2\/posts\/14043\/revisions\/14045"}],"wp:featuredmedia":[{"embeddable":true,"href":"https:\/\/wgphoto.pl\/t\/index.php?rest_route=\/wp\/v2\/media\/14044"}],"wp:attachment":[{"href":"https:\/\/wgphoto.pl\/t\/index.php?rest_route=%2Fwp%2Fv2%2Fmedia&parent=14043"}],"wp:term":[{"taxonomy":"category","embeddable":true,"href":"https:\/\/wgphoto.pl\/t\/index.php?rest_route=%2Fwp%2Fv2%2Fcategories&post=14043"},{"taxonomy":"post_tag","embeddable":true,"href":"https:\/\/wgphoto.pl\/t\/index.php?rest_route=%2Fwp%2Fv2%2Ftags&post=14043"}],"curies":[{"name":"wp","href":"https:\/\/api.w.org\/{rel}","templated":true}]}}