{"id":14052,"date":"2025-03-08T12:21:17","date_gmt":"2025-03-08T11:21:17","guid":{"rendered":"https:\/\/wgphoto.pl\/t\/?p=14052"},"modified":"2025-03-08T12:21:17","modified_gmt":"2025-03-08T11:21:17","slug":"portret-jadacej-lokomotywy","status":"publish","type":"post","link":"https:\/\/wgphoto.pl\/t\/?p=14052","title":{"rendered":"Portret jad\u0105cej lokomotywy"},"content":{"rendered":"\n<figure class=\"wp-block-image aligncenter size-full\"><img loading=\"lazy\" decoding=\"async\" width=\"1200\" height=\"800\" src=\"https:\/\/wgphoto.pl\/t\/wp-content\/uploads\/2025\/03\/IMGP0149.jpg\" alt=\"\" class=\"wp-image-14053\" srcset=\"https:\/\/wgphoto.pl\/t\/wp-content\/uploads\/2025\/03\/IMGP0149.jpg 1200w, https:\/\/wgphoto.pl\/t\/wp-content\/uploads\/2025\/03\/IMGP0149-300x200.jpg 300w, https:\/\/wgphoto.pl\/t\/wp-content\/uploads\/2025\/03\/IMGP0149-768x512.jpg 768w\" sizes=\"auto, (max-width: 1200px) 100vw, 1200px\" \/><\/figure>\n\n\n\n<div class=\"wp-block-group has-global-padding is-layout-constrained wp-block-group-is-layout-constrained\">\n<p>\u2026za to jak\u017ce \u0142adnej, o wygl\u0105dzie niemal\u017ce fabrycznym, czyli sprzed 30 lat. ET22-261 zbli\u017ca si\u0119 do mostu na Baryczy w Miliczu, na kt\u00f3rym planowa\u0142em pope\u0142ni\u0107 foto, lecz most by\u0142 pod\u00f3wczas, z tego co pami\u0119tam, w remoncie i zas\u0142ania\u0142y go rusztowania. Za motyw zast\u0119pczy pos\u0142u\u017cy\u0142 wi\u0119c ceglany wiadukt. 29.09.2009<\/p>\n<\/div>\n","protected":false},"excerpt":{"rendered":"<p>\u2026za to jak\u017ce \u0142adnej, o wygl\u0105dzie niemal\u017ce fabrycznym, czyli sprzed 30 lat. ET22-261 zbli\u017ca si\u0119 do mostu na Baryczy w Miliczu, na kt\u00f3rym planowa\u0142em pope\u0142ni\u0107 foto, lecz most by\u0142 pod\u00f3wczas, z tego co pami\u0119tam, w remoncie i zas\u0142ania\u0142y go rusztowania. Za motyw zast\u0119pczy pos\u0142u\u017cy\u0142 wi\u0119c ceglany wiadukt. 29.09.2009<\/p>\n","protected":false},"author":1,"featured_media":14053,"comment_status":"open","ping_status":"","sticky":false,"template":"","format":"standard","meta":{"footnotes":""},"categories":[2,169],"tags":[3408,26,2727,45,63,27,246],"class_list":["post-14052","post","type-post","status-publish","format-standard","has-post-thumbnail","hentry","category-kolej","category-rok-2009","tag-2009-09-29","tag-et22","tag-milicz","tag-most","tag-pkp","tag-polska","tag-tab-pl200"],"_links":{"self":[{"href":"https:\/\/wgphoto.pl\/t\/index.php?rest_route=\/wp\/v2\/posts\/14052","targetHints":{"allow":["GET"]}}],"collection":[{"href":"https:\/\/wgphoto.pl\/t\/index.php?rest_route=\/wp\/v2\/posts"}],"about":[{"href":"https:\/\/wgphoto.pl\/t\/index.php?rest_route=\/wp\/v2\/types\/post"}],"author":[{"embeddable":true,"href":"https:\/\/wgphoto.pl\/t\/index.php?rest_route=\/wp\/v2\/users\/1"}],"replies":[{"embeddable":true,"href":"https:\/\/wgphoto.pl\/t\/index.php?rest_route=%2Fwp%2Fv2%2Fcomments&post=14052"}],"version-history":[{"count":1,"href":"https:\/\/wgphoto.pl\/t\/index.php?rest_route=\/wp\/v2\/posts\/14052\/revisions"}],"predecessor-version":[{"id":14054,"href":"https:\/\/wgphoto.pl\/t\/index.php?rest_route=\/wp\/v2\/posts\/14052\/revisions\/14054"}],"wp:featuredmedia":[{"embeddable":true,"href":"https:\/\/wgphoto.pl\/t\/index.php?rest_route=\/wp\/v2\/media\/14053"}],"wp:attachment":[{"href":"https:\/\/wgphoto.pl\/t\/index.php?rest_route=%2Fwp%2Fv2%2Fmedia&parent=14052"}],"wp:term":[{"taxonomy":"category","embeddable":true,"href":"https:\/\/wgphoto.pl\/t\/index.php?rest_route=%2Fwp%2Fv2%2Fcategories&post=14052"},{"taxonomy":"post_tag","embeddable":true,"href":"https:\/\/wgphoto.pl\/t\/index.php?rest_route=%2Fwp%2Fv2%2Ftags&post=14052"}],"curies":[{"name":"wp","href":"https:\/\/api.w.org\/{rel}","templated":true}]}}