{"id":14055,"date":"2025-03-08T12:22:16","date_gmt":"2025-03-08T11:22:16","guid":{"rendered":"https:\/\/wgphoto.pl\/t\/?p=14055"},"modified":"2025-03-08T12:22:16","modified_gmt":"2025-03-08T11:22:16","slug":"soloweczka","status":"publish","type":"post","link":"https:\/\/wgphoto.pl\/t\/?p=14055","title":{"rendered":"Sol\u00f3weczka"},"content":{"rendered":"\n<figure class=\"wp-block-image aligncenter size-full\"><img loading=\"lazy\" decoding=\"async\" width=\"1200\" height=\"800\" src=\"https:\/\/wgphoto.pl\/t\/wp-content\/uploads\/2025\/03\/IMGP3028.jpg\" alt=\"\" class=\"wp-image-14056\" srcset=\"https:\/\/wgphoto.pl\/t\/wp-content\/uploads\/2025\/03\/IMGP3028.jpg 1200w, https:\/\/wgphoto.pl\/t\/wp-content\/uploads\/2025\/03\/IMGP3028-300x200.jpg 300w, https:\/\/wgphoto.pl\/t\/wp-content\/uploads\/2025\/03\/IMGP3028-768x512.jpg 768w\" sizes=\"auto, (max-width: 1200px) 100vw, 1200px\" \/><\/figure>\n\n\n\n<div class=\"wp-block-group has-global-padding is-layout-constrained wp-block-group-is-layout-constrained\">\n<p>Wroc\u0142aw, \u0142uk z ul. Pi\u0142sudskiego w Peronow\u0105. Pojedyncza stopi\u0105tka wraca do macierzystej zajezdni przy ul. \u015al\u0119\u017cnej z dnia otwartego by\u0142ej zajezdni D\u0105bie. Nie, wcale na ni\u0105 nie czeka\u0142em. Przechodzi\u0142em ko\u0142o dworca i stwierdziwszy istnienie mojej ulubionej fotograficznie pory dnia zacz\u0105\u0142em kombinowa\u0107 jakie\u015b kadry z widocznym hotelem, oddanym niedawno do u\u017cytku po remoncie. \u017badna z wielu pr\u00f3b si\u0119 nie powiod\u0142a ze wzgl\u0119du na spory ruch samochodowy. Dopiero nieoczekiwany przejazd tramwaju po \u0142uku wykorzystywanym liniowo tylko kilka razy dziennie przyni\u00f3s\u0142 w miar\u0119 oczekiwany efekt (w miar\u0119, bo synchronizacja r\u0119ki ze stopi\u0105tk\u0105 okaza\u0142a si\u0119 nieidealna), poniewa\u017c relacja ta jako jedyna na tym skrzy\u017cowaniu pokrywa si\u0119 z najmniej ucz\u0119szczan\u0105 przez samochody faz\u0105 sygnalizacyjn\u0105, charakteryzuj\u0105c\u0105 si\u0119 tym samym wysokim prawdopodobie\u0144stwem niewjechania \u017cadnego auta w kadr. 19.09.2015<\/p>\n<\/div>\n","protected":false},"excerpt":{"rendered":"<p>Wroc\u0142aw, \u0142uk z ul. Pi\u0142sudskiego w Peronow\u0105. Pojedyncza stopi\u0105tka wraca do macierzystej zajezdni przy ul. \u015al\u0119\u017cnej z dnia otwartego by\u0142ej zajezdni D\u0105bie. Nie, wcale na ni\u0105 nie czeka\u0142em. Przechodzi\u0142em ko\u0142o dworca i stwierdziwszy istnienie mojej ulubionej fotograficznie pory dnia zacz\u0105\u0142em kombinowa\u0107 jakie\u015b kadry z widocznym hotelem, oddanym niedawno do u\u017cytku po remoncie. \u017badna z wielu [&hellip;]<\/p>\n","protected":false},"author":1,"featured_media":14056,"comment_status":"open","ping_status":"","sticky":false,"template":"","format":"standard","meta":{"footnotes":""},"categories":[104,3],"tags":[155,3409,34,91,42,1658,27,90,41,971],"class_list":["post-14055","post","type-post","status-publish","format-standard","has-post-thumbnail","hentry","category-rok-2015","category-tramwaj","tag-105na","tag-2015-09-19","tag-architektura","tag-blue-hour","tag-mpk-wroclaw","tag-panning","tag-polska","tag-wieczorem","tag-wroclaw","tag-wroclawskie-solowki"],"_links":{"self":[{"href":"https:\/\/wgphoto.pl\/t\/index.php?rest_route=\/wp\/v2\/posts\/14055","targetHints":{"allow":["GET"]}}],"collection":[{"href":"https:\/\/wgphoto.pl\/t\/index.php?rest_route=\/wp\/v2\/posts"}],"about":[{"href":"https:\/\/wgphoto.pl\/t\/index.php?rest_route=\/wp\/v2\/types\/post"}],"author":[{"embeddable":true,"href":"https:\/\/wgphoto.pl\/t\/index.php?rest_route=\/wp\/v2\/users\/1"}],"replies":[{"embeddable":true,"href":"https:\/\/wgphoto.pl\/t\/index.php?rest_route=%2Fwp%2Fv2%2Fcomments&post=14055"}],"version-history":[{"count":1,"href":"https:\/\/wgphoto.pl\/t\/index.php?rest_route=\/wp\/v2\/posts\/14055\/revisions"}],"predecessor-version":[{"id":14057,"href":"https:\/\/wgphoto.pl\/t\/index.php?rest_route=\/wp\/v2\/posts\/14055\/revisions\/14057"}],"wp:featuredmedia":[{"embeddable":true,"href":"https:\/\/wgphoto.pl\/t\/index.php?rest_route=\/wp\/v2\/media\/14056"}],"wp:attachment":[{"href":"https:\/\/wgphoto.pl\/t\/index.php?rest_route=%2Fwp%2Fv2%2Fmedia&parent=14055"}],"wp:term":[{"taxonomy":"category","embeddable":true,"href":"https:\/\/wgphoto.pl\/t\/index.php?rest_route=%2Fwp%2Fv2%2Fcategories&post=14055"},{"taxonomy":"post_tag","embeddable":true,"href":"https:\/\/wgphoto.pl\/t\/index.php?rest_route=%2Fwp%2Fv2%2Ftags&post=14055"}],"curies":[{"name":"wp","href":"https:\/\/api.w.org\/{rel}","templated":true}]}}