{"id":14058,"date":"2025-03-08T12:23:10","date_gmt":"2025-03-08T11:23:10","guid":{"rendered":"https:\/\/wgphoto.pl\/t\/?p=14058"},"modified":"2025-03-08T12:23:10","modified_gmt":"2025-03-08T11:23:10","slug":"ostatni-na-hali","status":"publish","type":"post","link":"https:\/\/wgphoto.pl\/t\/?p=14058","title":{"rendered":"Ostatni na hali"},"content":{"rendered":"\n<figure class=\"wp-block-image aligncenter size-full\"><img loading=\"lazy\" decoding=\"async\" width=\"1200\" height=\"800\" src=\"https:\/\/wgphoto.pl\/t\/wp-content\/uploads\/2025\/03\/IMGP3296.jpg\" alt=\"\" class=\"wp-image-14059\" srcset=\"https:\/\/wgphoto.pl\/t\/wp-content\/uploads\/2025\/03\/IMGP3296.jpg 1200w, https:\/\/wgphoto.pl\/t\/wp-content\/uploads\/2025\/03\/IMGP3296-300x200.jpg 300w, https:\/\/wgphoto.pl\/t\/wp-content\/uploads\/2025\/03\/IMGP3296-768x512.jpg 768w\" sizes=\"auto, (max-width: 1200px) 100vw, 1200px\" \/><\/figure>\n\n\n\n<div class=\"wp-block-group has-global-padding is-layout-constrained wp-block-group-is-layout-constrained\">\n<p>Tramwaj z poprzedniego zdj\u0119cia ma ju\u017c zapi\u0119t\u0105 doczep\u0119 (chocia\u017c tego nie wida\u0107) i za par\u0119 minut wyjedzie z zajezdni Gaj do obs\u0142ugi &#8222;cmentarnej&#8221; linii E5. Wrzuca\u0142em niedawno podobne foto, ale tym razem trafi\u0142a mi si\u0119 sytuacja, na jak\u0105 d\u0142ugo czeka\u0142em, wylosowa\u0142em bowiem na p\u00f3\u017anym wyje\u017adzie w\u00f3zek stoj\u0105cy na ostatnim stanowisku \u015brodkowego toru, co pozwoli\u0142o mi zastosowa\u0107 kompozycj\u0119 centraln\u0105 przy jednoczesnym braku przeszkadzajek w postaci tramwaj\u00f3w stoj\u0105cych na s\u0105siednich torach. 2015-11-01<\/p>\n<\/div>\n","protected":false},"excerpt":{"rendered":"<p>Tramwaj z poprzedniego zdj\u0119cia ma ju\u017c zapi\u0119t\u0105 doczep\u0119 (chocia\u017c tego nie wida\u0107) i za par\u0119 minut wyjedzie z zajezdni Gaj do obs\u0142ugi &#8222;cmentarnej&#8221; linii E5. Wrzuca\u0142em niedawno podobne foto, ale tym razem trafi\u0142a mi si\u0119 sytuacja, na jak\u0105 d\u0142ugo czeka\u0142em, wylosowa\u0142em bowiem na p\u00f3\u017anym wyje\u017adzie w\u00f3zek stoj\u0105cy na ostatnim stanowisku \u015brodkowego toru, co pozwoli\u0142o mi [&hellip;]<\/p>\n","protected":false},"author":1,"featured_media":14059,"comment_status":"open","ping_status":"","sticky":false,"template":"","format":"standard","meta":{"footnotes":""},"categories":[104,3],"tags":[155,3410,42,27,223,439,41,127,138],"class_list":["post-14058","post","type-post","status-publish","format-standard","has-post-thumbnail","hentry","category-rok-2015","category-tramwaj","tag-105na","tag-2015-11-01","tag-mpk-wroclaw","tag-polska","tag-symetria","tag-we-fabryce","tag-wroclaw","tag-wroclawskie-e","tag-zajezdnia"],"_links":{"self":[{"href":"https:\/\/wgphoto.pl\/t\/index.php?rest_route=\/wp\/v2\/posts\/14058","targetHints":{"allow":["GET"]}}],"collection":[{"href":"https:\/\/wgphoto.pl\/t\/index.php?rest_route=\/wp\/v2\/posts"}],"about":[{"href":"https:\/\/wgphoto.pl\/t\/index.php?rest_route=\/wp\/v2\/types\/post"}],"author":[{"embeddable":true,"href":"https:\/\/wgphoto.pl\/t\/index.php?rest_route=\/wp\/v2\/users\/1"}],"replies":[{"embeddable":true,"href":"https:\/\/wgphoto.pl\/t\/index.php?rest_route=%2Fwp%2Fv2%2Fcomments&post=14058"}],"version-history":[{"count":1,"href":"https:\/\/wgphoto.pl\/t\/index.php?rest_route=\/wp\/v2\/posts\/14058\/revisions"}],"predecessor-version":[{"id":14060,"href":"https:\/\/wgphoto.pl\/t\/index.php?rest_route=\/wp\/v2\/posts\/14058\/revisions\/14060"}],"wp:featuredmedia":[{"embeddable":true,"href":"https:\/\/wgphoto.pl\/t\/index.php?rest_route=\/wp\/v2\/media\/14059"}],"wp:attachment":[{"href":"https:\/\/wgphoto.pl\/t\/index.php?rest_route=%2Fwp%2Fv2%2Fmedia&parent=14058"}],"wp:term":[{"taxonomy":"category","embeddable":true,"href":"https:\/\/wgphoto.pl\/t\/index.php?rest_route=%2Fwp%2Fv2%2Fcategories&post=14058"},{"taxonomy":"post_tag","embeddable":true,"href":"https:\/\/wgphoto.pl\/t\/index.php?rest_route=%2Fwp%2Fv2%2Ftags&post=14058"}],"curies":[{"name":"wp","href":"https:\/\/api.w.org\/{rel}","templated":true}]}}