{"id":14061,"date":"2025-03-08T12:23:59","date_gmt":"2025-03-08T11:23:59","guid":{"rendered":"https:\/\/wgphoto.pl\/t\/?p=14061"},"modified":"2025-03-08T12:23:59","modified_gmt":"2025-03-08T11:23:59","slug":"slisko","status":"publish","type":"post","link":"https:\/\/wgphoto.pl\/t\/?p=14061","title":{"rendered":"\u015alisko"},"content":{"rendered":"\n<figure class=\"wp-block-image aligncenter size-full\"><img loading=\"lazy\" decoding=\"async\" width=\"1200\" height=\"800\" src=\"https:\/\/wgphoto.pl\/t\/wp-content\/uploads\/2025\/03\/IMGP3329.jpg\" alt=\"\" class=\"wp-image-14062\" srcset=\"https:\/\/wgphoto.pl\/t\/wp-content\/uploads\/2025\/03\/IMGP3329.jpg 1200w, https:\/\/wgphoto.pl\/t\/wp-content\/uploads\/2025\/03\/IMGP3329-300x200.jpg 300w, https:\/\/wgphoto.pl\/t\/wp-content\/uploads\/2025\/03\/IMGP3329-768x512.jpg 768w\" sizes=\"auto, (max-width: 1200px) 100vw, 1200px\" \/><\/figure>\n\n\n\n<div class=\"wp-block-group has-global-padding is-layout-constrained wp-block-group-is-layout-constrained\">\n<p>Wroc\u0142aw, ul. Karola Olszewskiego, 105NWr 2400+2425. Nie znalaz\u0142em czasu na sesj\u0119 zdj\u0119ciow\u0105 z \u017c\u00f3\u0142tymi li\u015b\u0107mi na drzewach, wi\u0119c rzutem na ta\u015bm\u0119 urz\u0105dzi\u0142em sobie plener z li\u015b\u0107mi ju\u017c opad\u0142ymi, przewiewanymi za spraw\u0105 silnego wiatru na prawo i lewo. Takie warunki s\u0105 koszmarem dla pojazd\u00f3w szynowych. 08.11.2015<\/p>\n<\/div>\n","protected":false},"excerpt":{"rendered":"<p>Wroc\u0142aw, ul. Karola Olszewskiego, 105NWr 2400+2425. Nie znalaz\u0142em czasu na sesj\u0119 zdj\u0119ciow\u0105 z \u017c\u00f3\u0142tymi li\u015b\u0107mi na drzewach, wi\u0119c rzutem na ta\u015bm\u0119 urz\u0105dzi\u0142em sobie plener z li\u015b\u0107mi ju\u017c opad\u0142ymi, przewiewanymi za spraw\u0105 silnego wiatru na prawo i lewo. Takie warunki s\u0105 koszmarem dla pojazd\u00f3w szynowych. 08.11.2015<\/p>\n","protected":false},"author":1,"featured_media":14062,"comment_status":"open","ping_status":"","sticky":false,"template":"","format":"standard","meta":{"footnotes":""},"categories":[104,3],"tags":[43,2558,126,42,27,41],"class_list":["post-14061","post","type-post","status-publish","format-standard","has-post-thumbnail","hentry","category-rok-2015","category-tramwaj","tag-105nwr","tag-2015-11-08","tag-jesien","tag-mpk-wroclaw","tag-polska","tag-wroclaw"],"_links":{"self":[{"href":"https:\/\/wgphoto.pl\/t\/index.php?rest_route=\/wp\/v2\/posts\/14061","targetHints":{"allow":["GET"]}}],"collection":[{"href":"https:\/\/wgphoto.pl\/t\/index.php?rest_route=\/wp\/v2\/posts"}],"about":[{"href":"https:\/\/wgphoto.pl\/t\/index.php?rest_route=\/wp\/v2\/types\/post"}],"author":[{"embeddable":true,"href":"https:\/\/wgphoto.pl\/t\/index.php?rest_route=\/wp\/v2\/users\/1"}],"replies":[{"embeddable":true,"href":"https:\/\/wgphoto.pl\/t\/index.php?rest_route=%2Fwp%2Fv2%2Fcomments&post=14061"}],"version-history":[{"count":1,"href":"https:\/\/wgphoto.pl\/t\/index.php?rest_route=\/wp\/v2\/posts\/14061\/revisions"}],"predecessor-version":[{"id":14063,"href":"https:\/\/wgphoto.pl\/t\/index.php?rest_route=\/wp\/v2\/posts\/14061\/revisions\/14063"}],"wp:featuredmedia":[{"embeddable":true,"href":"https:\/\/wgphoto.pl\/t\/index.php?rest_route=\/wp\/v2\/media\/14062"}],"wp:attachment":[{"href":"https:\/\/wgphoto.pl\/t\/index.php?rest_route=%2Fwp%2Fv2%2Fmedia&parent=14061"}],"wp:term":[{"taxonomy":"category","embeddable":true,"href":"https:\/\/wgphoto.pl\/t\/index.php?rest_route=%2Fwp%2Fv2%2Fcategories&post=14061"},{"taxonomy":"post_tag","embeddable":true,"href":"https:\/\/wgphoto.pl\/t\/index.php?rest_route=%2Fwp%2Fv2%2Ftags&post=14061"}],"curies":[{"name":"wp","href":"https:\/\/api.w.org\/{rel}","templated":true}]}}