{"id":14082,"date":"2025-03-09T10:31:40","date_gmt":"2025-03-09T09:31:40","guid":{"rendered":"https:\/\/wgphoto.pl\/t\/?p=14082"},"modified":"2025-03-09T10:31:40","modified_gmt":"2025-03-09T09:31:40","slug":"na-wysiadanego","status":"publish","type":"post","link":"https:\/\/wgphoto.pl\/t\/?p=14082","title":{"rendered":"Na wysiadanego"},"content":{"rendered":"\n<figure class=\"wp-block-image aligncenter size-full\"><img loading=\"lazy\" decoding=\"async\" width=\"1200\" height=\"800\" src=\"https:\/\/wgphoto.pl\/t\/wp-content\/uploads\/2025\/03\/IMGP4779.jpg\" alt=\"\" class=\"wp-image-14083\" srcset=\"https:\/\/wgphoto.pl\/t\/wp-content\/uploads\/2025\/03\/IMGP4779.jpg 1200w, https:\/\/wgphoto.pl\/t\/wp-content\/uploads\/2025\/03\/IMGP4779-300x200.jpg 300w, https:\/\/wgphoto.pl\/t\/wp-content\/uploads\/2025\/03\/IMGP4779-768x512.jpg 768w\" sizes=\"auto, (max-width: 1200px) 100vw, 1200px\" \/><\/figure>\n\n\n\n<div class=\"wp-block-group has-global-padding is-layout-constrained wp-block-group-is-layout-constrained\">\n<p>Bzenec-Ol\u0161ovec. Poci\u0105g osobowy 24123 rel. Bzenec &#8211; Moravsk\u00fd P\u00edsek odjecha\u0142 w\u0142a\u015bnie z jedynego przystanku po\u015bredniego na swej 4-kilometrowej trasie. Widoczna tarcza ostrzegawcza odnosi si\u0119 do semafora wjazdowego stacji ko\u0144cowej, a po prawej stronie odbijaj\u0105 \u0142ukiem tory linii Brno &#8211; Vesel\u00ed nad Moravou. 15.07.2013<\/p>\n<\/div>\n","protected":false},"excerpt":{"rendered":"<p>Bzenec-Ol\u0161ovec. Poci\u0105g osobowy 24123 rel. Bzenec &#8211; Moravsk\u00fd P\u00edsek odjecha\u0142 w\u0142a\u015bnie z jedynego przystanku po\u015bredniego na swej 4-kilometrowej trasie. Widoczna tarcza ostrzegawcza odnosi si\u0119 do semafora wjazdowego stacji ko\u0144cowej, a po prawej stronie odbijaj\u0105 \u0142ukiem tory linii Brno &#8211; Vesel\u00ed nad Moravou. 15.07.2013<\/p>\n","protected":false},"author":1,"featured_media":14083,"comment_status":"open","ping_status":"","sticky":false,"template":"","format":"standard","meta":{"footnotes":""},"categories":[2,55],"tags":[816,92,3413,50,49,173,1775,2413],"class_list":["post-14082","post","type-post","status-publish","format-standard","has-post-thumbnail","hentry","category-kolej","category-rok-2013","tag-2013-07-15","tag-92","tag-bzenec-olsovec","tag-cd","tag-czechy","tag-koncowki","tag-na-wysiadanego","tag-tab-cz342"],"_links":{"self":[{"href":"https:\/\/wgphoto.pl\/t\/index.php?rest_route=\/wp\/v2\/posts\/14082","targetHints":{"allow":["GET"]}}],"collection":[{"href":"https:\/\/wgphoto.pl\/t\/index.php?rest_route=\/wp\/v2\/posts"}],"about":[{"href":"https:\/\/wgphoto.pl\/t\/index.php?rest_route=\/wp\/v2\/types\/post"}],"author":[{"embeddable":true,"href":"https:\/\/wgphoto.pl\/t\/index.php?rest_route=\/wp\/v2\/users\/1"}],"replies":[{"embeddable":true,"href":"https:\/\/wgphoto.pl\/t\/index.php?rest_route=%2Fwp%2Fv2%2Fcomments&post=14082"}],"version-history":[{"count":1,"href":"https:\/\/wgphoto.pl\/t\/index.php?rest_route=\/wp\/v2\/posts\/14082\/revisions"}],"predecessor-version":[{"id":14084,"href":"https:\/\/wgphoto.pl\/t\/index.php?rest_route=\/wp\/v2\/posts\/14082\/revisions\/14084"}],"wp:featuredmedia":[{"embeddable":true,"href":"https:\/\/wgphoto.pl\/t\/index.php?rest_route=\/wp\/v2\/media\/14083"}],"wp:attachment":[{"href":"https:\/\/wgphoto.pl\/t\/index.php?rest_route=%2Fwp%2Fv2%2Fmedia&parent=14082"}],"wp:term":[{"taxonomy":"category","embeddable":true,"href":"https:\/\/wgphoto.pl\/t\/index.php?rest_route=%2Fwp%2Fv2%2Fcategories&post=14082"},{"taxonomy":"post_tag","embeddable":true,"href":"https:\/\/wgphoto.pl\/t\/index.php?rest_route=%2Fwp%2Fv2%2Ftags&post=14082"}],"curies":[{"name":"wp","href":"https:\/\/api.w.org\/{rel}","templated":true}]}}