{"id":14085,"date":"2025-03-09T10:32:30","date_gmt":"2025-03-09T09:32:30","guid":{"rendered":"https:\/\/wgphoto.pl\/t\/?p=14085"},"modified":"2025-03-09T10:32:30","modified_gmt":"2025-03-09T09:32:30","slug":"bzenec-olsovec","status":"publish","type":"post","link":"https:\/\/wgphoto.pl\/t\/?p=14085","title":{"rendered":"Bzenec-Ol\u0161ovec"},"content":{"rendered":"\n<figure class=\"wp-block-image aligncenter size-full\"><img loading=\"lazy\" decoding=\"async\" width=\"1200\" height=\"800\" src=\"https:\/\/wgphoto.pl\/t\/wp-content\/uploads\/2025\/03\/IMGP4786.jpg\" alt=\"\" class=\"wp-image-14086\" srcset=\"https:\/\/wgphoto.pl\/t\/wp-content\/uploads\/2025\/03\/IMGP4786.jpg 1200w, https:\/\/wgphoto.pl\/t\/wp-content\/uploads\/2025\/03\/IMGP4786-300x200.jpg 300w, https:\/\/wgphoto.pl\/t\/wp-content\/uploads\/2025\/03\/IMGP4786-768x512.jpg 768w\" sizes=\"auto, (max-width: 1200px) 100vw, 1200px\" \/><\/figure>\n\n\n\n<div class=\"wp-block-group has-global-padding is-layout-constrained wp-block-group-is-layout-constrained\">\n<p>Poci\u0105g osobowy 24126 rel. Moravsk\u00fd P\u00edsek &#8211; Bzenec zatrzymuje si\u0119 na przystanku na \u017c\u0105danie o nazwie jak w tytule. Ta 4-kilometrowa linia pe\u0142ni rol\u0119 \u0142\u0105cznika pomi\u0119dzy trasami Brno &#8211; Vesel\u00ed nad Moravou (jej tory widoczne s\u0105 z lewej) oraz P\u0159erov &#8211; B\u0159eclav, kt\u00f3re krzy\u017cuj\u0105 si\u0119 dwupoziomowo i nie posiadaj\u0105 stycznej stacji. Motorak wykonuje tu 28 &#8222;k\u00f3\u0142ek&#8221; na dob\u0119 (w dni robocze). Ciekawostk\u0105 jest, \u017ce w niedziele i \u015bwi\u0119ta rozpoczyna kursowanie dopiero po godz. 13 &#8211; tak jakby rozk\u0142ad jazdy u\u0142o\u017cono pod obieg na jedn\u0105 zmian\u0119. [opis z 2015] 15.07.2013<\/p>\n<\/div>\n","protected":false},"excerpt":{"rendered":"<p>Poci\u0105g osobowy 24126 rel. Moravsk\u00fd P\u00edsek &#8211; Bzenec zatrzymuje si\u0119 na przystanku na \u017c\u0105danie o nazwie jak w tytule. Ta 4-kilometrowa linia pe\u0142ni rol\u0119 \u0142\u0105cznika pomi\u0119dzy trasami Brno &#8211; Vesel\u00ed nad Moravou (jej tory widoczne s\u0105 z lewej) oraz P\u0159erov &#8211; B\u0159eclav, kt\u00f3re krzy\u017cuj\u0105 si\u0119 dwupoziomowo i nie posiadaj\u0105 stycznej stacji. Motorak wykonuje tu 28 [&hellip;]<\/p>\n","protected":false},"author":1,"featured_media":14086,"comment_status":"open","ping_status":"","sticky":false,"template":"","format":"standard","meta":{"footnotes":""},"categories":[2,55],"tags":[816,92,3413,50,49,2413],"class_list":["post-14085","post","type-post","status-publish","format-standard","has-post-thumbnail","hentry","category-kolej","category-rok-2013","tag-2013-07-15","tag-92","tag-bzenec-olsovec","tag-cd","tag-czechy","tag-tab-cz342"],"_links":{"self":[{"href":"https:\/\/wgphoto.pl\/t\/index.php?rest_route=\/wp\/v2\/posts\/14085","targetHints":{"allow":["GET"]}}],"collection":[{"href":"https:\/\/wgphoto.pl\/t\/index.php?rest_route=\/wp\/v2\/posts"}],"about":[{"href":"https:\/\/wgphoto.pl\/t\/index.php?rest_route=\/wp\/v2\/types\/post"}],"author":[{"embeddable":true,"href":"https:\/\/wgphoto.pl\/t\/index.php?rest_route=\/wp\/v2\/users\/1"}],"replies":[{"embeddable":true,"href":"https:\/\/wgphoto.pl\/t\/index.php?rest_route=%2Fwp%2Fv2%2Fcomments&post=14085"}],"version-history":[{"count":1,"href":"https:\/\/wgphoto.pl\/t\/index.php?rest_route=\/wp\/v2\/posts\/14085\/revisions"}],"predecessor-version":[{"id":14087,"href":"https:\/\/wgphoto.pl\/t\/index.php?rest_route=\/wp\/v2\/posts\/14085\/revisions\/14087"}],"wp:featuredmedia":[{"embeddable":true,"href":"https:\/\/wgphoto.pl\/t\/index.php?rest_route=\/wp\/v2\/media\/14086"}],"wp:attachment":[{"href":"https:\/\/wgphoto.pl\/t\/index.php?rest_route=%2Fwp%2Fv2%2Fmedia&parent=14085"}],"wp:term":[{"taxonomy":"category","embeddable":true,"href":"https:\/\/wgphoto.pl\/t\/index.php?rest_route=%2Fwp%2Fv2%2Fcategories&post=14085"},{"taxonomy":"post_tag","embeddable":true,"href":"https:\/\/wgphoto.pl\/t\/index.php?rest_route=%2Fwp%2Fv2%2Ftags&post=14085"}],"curies":[{"name":"wp","href":"https:\/\/api.w.org\/{rel}","templated":true}]}}